{"id":23378,"date":"2025-04-02T10:22:49","date_gmt":"2025-04-02T08:22:49","guid":{"rendered":"https:\/\/vichy-encheres.com\/?p=23378"},"modified":"2025-04-14T10:01:18","modified_gmt":"2025-04-14T08:01:18","slug":"vent-cordes-pincees-2025-05-10","status":"publish","type":"post","link":"https:\/\/vichy-encheres.com\/en\/2025\/04\/02\/vent-cordes-pincees-2025-05-10\/","title":{"rendered":"9 et 10 mai 2025 : ventes d&#8217;instruments \u00e0 vent, \u00e0 cordes pinc\u00e9es et livres de musique"},"content":{"rendered":"\n<div style=\"height:29px\" aria-hidden=\"true\" class=\"wp-block-spacer\"><\/div>\n\n\n\n<blockquote class=\"wp-block-quote is-style-large is-layout-flow wp-block-quote-is-layout-flow\">\n<p>Rendez-vous en&nbsp;mai 2025 pour nos&nbsp;premi\u00e8res ventes de l\u2019ann\u00e9e d\u2019instruments \u00e0 vent et \u00e0 cordes pinc\u00e9es !&nbsp;Vichy Ench\u00e8res, qui s\u2019impose aujourd\u2019hui comme le leader sur le march\u00e9 des vents et cordes pinc\u00e9es, se renouvelle chaque ann\u00e9e pour vous proposer une h\u00e9t\u00e9rog\u00e9n\u00e9it\u00e9 de mod\u00e8les repr\u00e9sentatifs de la richesse de ces familles d\u2019instruments.&nbsp; Cette saison encore, une multitude d\u2019instruments allant des mod\u00e8les iconiques aux curiosit\u00e9s et instruments traditionnels, en passant par des pi\u00e8ces historiques, seront \u00e0 l\u2019honneur. Une nouvelle occasion pour nous de mettre en lumi\u00e8re des instruments parfois m\u00e9connus et de faire avancer la connaissance gr\u00e2ce \u00e0 l\u2019\u00e9tendue des recherches mises en \u0153uvre par l\u2019\u00e9tude. Nous nous r\u00e9jouissons \u00e0 l\u2019id\u00e9e de vous retrouver prochainement pour ces rendez-vous toujours riches en surprises et convivialit\u00e9 !<\/p>\n<\/blockquote>\n\n\n\n<div style=\"height:29px\" aria-hidden=\"true\" class=\"wp-block-spacer\"><\/div>\n\n\n\n<div class=\"wp-block-buttons is-horizontal is-content-justification-center is-layout-flex wp-container-core-buttons-is-layout-499968f5 wp-block-buttons-is-layout-flex\">\n<div class=\"wp-block-button is-style-outline is-style-outline--1\"><a class=\"wp-block-button__link wp-element-button\" href=\"https:\/\/vichy-encheres.com\/wp-content\/uploads\/2025\/04\/2025-05-10-vcp-130-catalogue-3.pdf\" target=\"_blank\" rel=\"noreferrer noopener\">Catalogue<\/a><\/div>\n\n\n\n<div class=\"wp-block-button is-style-outline is-style-outline--2\"><a class=\"wp-block-button__link wp-element-button\" href=\"https:\/\/www.interencheres.com\/art-decoration\/instruments-a-vent-et-a-cordes-pincees-652609\" target=\"_blank\" rel=\"noreferrer noopener\">Vente du 9 mai 2025<\/a><\/div>\n\n\n\n<div class=\"wp-block-button is-style-outline is-style-outline--3\"><a class=\"wp-block-button__link wp-element-button\" href=\"https:\/\/www.interencheres.com\/art-decoration\/instruments-a-vent-et-a-cordes-pincees-652610\" target=\"_blank\" rel=\"noreferrer noopener\">Vente du 10 mai 2025<\/a><\/div>\n\n\n\n<div class=\"wp-block-button is-style-outline is-style-outline--4\"><a class=\"wp-block-button__link wp-element-button\" href=\"https:\/\/vichy-encheres.com\/contact\/\" target=\"_blank\" rel=\"noreferrer noopener\">Contact<\/a><\/div>\n\n\n\n<div class=\"wp-block-button is-style-outline is-style-outline--5\"><a class=\"wp-block-button__link wp-element-button\" href=\"https:\/\/vichy-encheres.com\/vichy-encheres\/equipe\/\" target=\"_blank\" rel=\"noreferrer noopener\">Experts<\/a><\/div>\n\n\n\n<div class=\"wp-block-button is-style-outline is-style-outline--6\"><a class=\"wp-block-button__link wp-element-button\" href=\"#english\">English version<\/a><\/div>\n<\/div>\n\n\n\n<div style=\"height:100px\" aria-hidden=\"true\" class=\"wp-block-spacer\"><\/div>\n\n\n\n<hr class=\"wp-block-separator has-css-opacity is-style-dots\"\/>\n\n\n\n<div style=\"height:100px\" aria-hidden=\"true\" class=\"wp-block-spacer\"><\/div>\n\n\n\n<h1 class=\"wp-block-heading\" id=\"english\">12 &amp; 13 APRIL 2024 : WIND AND PLUCKED STRING INSTRUMENTS SALES<\/h1>\n\n\n\n<blockquote class=\"wp-block-quote is-style-large is-layout-flow wp-block-quote-is-layout-flow\">\n<div style=\"height:100px\" aria-hidden=\"true\" class=\"wp-block-spacer\"><\/div>\n\n\n\n<p>See you in May 2025 for our first wind and plucked string instrument sales of the year! Vichy Ench\u00e8res, now the market leader for wind and plucked instruments, renews itself every year to offer you a wide range of models representative of the richness of these instrument families. Once again this season, we&#8217;ll be showcasing a wide range of instruments, from iconic models to curiosities and traditional instruments, as well as historical pieces. This is yet another opportunity for us to highlight instruments that are sometimes little-known, and to advance knowledge thanks to the extensive research carried out by the study. We look forward to seeing you soon at these events, which are always full of surprises and conviviality!<\/p>\n<\/blockquote>\n\n\n\n<div style=\"height:30px\" aria-hidden=\"true\" class=\"wp-block-spacer\"><\/div>\n\n\n\n<div class=\"wp-block-buttons is-horizontal is-content-justification-center is-layout-flex wp-container-core-buttons-is-layout-499968f5 wp-block-buttons-is-layout-flex\">\n<div class=\"wp-block-button is-style-outline is-style-outline--7\"><a class=\"wp-block-button__link wp-element-button\" href=\"https:\/\/vichy-encheres.com\/wp-content\/uploads\/2025\/04\/2025-05-10-vcp-130-catalogue-english.pdf\" target=\"_blank\" rel=\"noreferrer noopener\">Catalog<\/a><\/div>\n\n\n\n<div class=\"wp-block-button is-style-outline is-style-outline--8\"><a class=\"wp-block-button__link wp-element-button\" href=\"https:\/\/www.interencheres.com\/art-decoration\/instruments-a-vent-et-a-cordes-pincees-652609\" target=\"_blank\" rel=\"noreferrer noopener\">Sale on 9 May 2025<\/a><\/div>\n\n\n\n<div class=\"wp-block-button is-style-outline is-style-outline--9\"><a class=\"wp-block-button__link wp-element-button\" href=\"https:\/\/www.interencheres.com\/art-decoration\/instruments-a-vent-et-a-cordes-pincees-652610\" target=\"_blank\" rel=\"noreferrer noopener\">Sale on 10 May 2025<\/a><\/div>\n\n\n\n<div class=\"wp-block-button is-style-outline is-style-outline--10\"><a class=\"wp-block-button__link wp-element-button\" href=\"https:\/\/vichy-encheres.com\/en\/contact\/\" target=\"_blank\" rel=\"noreferrer noopener\">Contact<\/a><\/div>\n\n\n\n<div class=\"wp-block-button is-style-outline is-style-outline--11\"><a class=\"wp-block-button__link wp-element-button\" href=\"https:\/\/vichy-encheres.com\/en\/vichy-encheres-3\/team\/\" target=\"_blank\" rel=\"noreferrer noopener\">Experts<\/a><\/div>\n\n\n\n<div class=\"wp-block-button is-style-outline is-style-outline--12\"><a class=\"wp-block-button__link wp-element-button\" href=\"#francais\">Version fran\u00e7aise<\/a><\/div>\n<\/div>\n\n\n\n<div style=\"height:100px\" aria-hidden=\"true\" class=\"wp-block-spacer\"><\/div>\n\n\n\n<div class=\"wp-block-group\"><div class=\"wp-block-group__inner-container is-layout-flow wp-block-group-is-layout-flow\">\n<h2 class=\"wp-block-heading\">\ud83d\ude80 <strong>Suivez-nous !<\/strong><\/h2>\n\n\n\n<ul class=\"wp-block-social-links aligncenter is-layout-flex wp-block-social-links-is-layout-flex\"><li class=\"wp-social-link wp-social-link-facebook  wp-block-social-link\"><a href=\"https:\/\/facebook.com\/vichyencheres\" class=\"wp-block-social-link-anchor\"><svg width=\"24\" height=\"24\" viewBox=\"0 0 24 24\" version=\"1.1\" xmlns=\"http:\/\/www.w3.org\/2000\/svg\" aria-hidden=\"true\" focusable=\"false\"><path d=\"M12 2C6.5 2 2 6.5 2 12c0 5 3.7 9.1 8.4 9.9v-7H7.9V12h2.5V9.8c0-2.5 1.5-3.9 3.8-3.9 1.1 0 2.2.2 2.2.2v2.5h-1.3c-1.2 0-1.6.8-1.6 1.6V12h2.8l-.4 2.9h-2.3v7C18.3 21.1 22 17 22 12c0-5.5-4.5-10-10-10z\"><\/path><\/svg><span class=\"wp-block-social-link-label screen-reader-text\">Facebook<\/span><\/a><\/li>\n\n<li class=\"wp-social-link wp-social-link-instagram  wp-block-social-link\"><a href=\"https:\/\/instagram.com\/vichyencheres\" class=\"wp-block-social-link-anchor\"><svg width=\"24\" height=\"24\" viewBox=\"0 0 24 24\" version=\"1.1\" xmlns=\"http:\/\/www.w3.org\/2000\/svg\" aria-hidden=\"true\" focusable=\"false\"><path d=\"M12,4.622c2.403,0,2.688,0.009,3.637,0.052c0.877,0.04,1.354,0.187,1.671,0.31c0.42,0.163,0.72,0.358,1.035,0.673 c0.315,0.315,0.51,0.615,0.673,1.035c0.123,0.317,0.27,0.794,0.31,1.671c0.043,0.949,0.052,1.234,0.052,3.637 s-0.009,2.688-0.052,3.637c-0.04,0.877-0.187,1.354-0.31,1.671c-0.163,0.42-0.358,0.72-0.673,1.035 c-0.315,0.315-0.615,0.51-1.035,0.673c-0.317,0.123-0.794,0.27-1.671,0.31c-0.949,0.043-1.233,0.052-3.637,0.052 s-2.688-0.009-3.637-0.052c-0.877-0.04-1.354-0.187-1.671-0.31c-0.42-0.163-0.72-0.358-1.035-0.673 c-0.315-0.315-0.51-0.615-0.673-1.035c-0.123-0.317-0.27-0.794-0.31-1.671C4.631,14.688,4.622,14.403,4.622,12 s0.009-2.688,0.052-3.637c0.04-0.877,0.187-1.354,0.31-1.671c0.163-0.42,0.358-0.72,0.673-1.035 c0.315-0.315,0.615-0.51,1.035-0.673c0.317-0.123,0.794-0.27,1.671-0.31C9.312,4.631,9.597,4.622,12,4.622 M12,3 C9.556,3,9.249,3.01,8.289,3.054C7.331,3.098,6.677,3.25,6.105,3.472C5.513,3.702,5.011,4.01,4.511,4.511 c-0.5,0.5-0.808,1.002-1.038,1.594C3.25,6.677,3.098,7.331,3.054,8.289C3.01,9.249,3,9.556,3,12c0,2.444,0.01,2.751,0.054,3.711 c0.044,0.958,0.196,1.612,0.418,2.185c0.23,0.592,0.538,1.094,1.038,1.594c0.5,0.5,1.002,0.808,1.594,1.038 c0.572,0.222,1.227,0.375,2.185,0.418C9.249,20.99,9.556,21,12,21s2.751-0.01,3.711-0.054c0.958-0.044,1.612-0.196,2.185-0.418 c0.592-0.23,1.094-0.538,1.594-1.038c0.5-0.5,0.808-1.002,1.038-1.594c0.222-0.572,0.375-1.227,0.418-2.185 C20.99,14.751,21,14.444,21,12s-0.01-2.751-0.054-3.711c-0.044-0.958-0.196-1.612-0.418-2.185c-0.23-0.592-0.538-1.094-1.038-1.594 c-0.5-0.5-1.002-0.808-1.594-1.038c-0.572-0.222-1.227-0.375-2.185-0.418C14.751,3.01,14.444,3,12,3L12,3z M12,7.378 c-2.552,0-4.622,2.069-4.622,4.622S9.448,16.622,12,16.622s4.622-2.069,4.622-4.622S14.552,7.378,12,7.378z M12,15 c-1.657,0-3-1.343-3-3s1.343-3,3-3s3,1.343,3,3S13.657,15,12,15z M16.804,6.116c-0.596,0-1.08,0.484-1.08,1.08 s0.484,1.08,1.08,1.08c0.596,0,1.08-0.484,1.08-1.08S17.401,6.116,16.804,6.116z\"><\/path><\/svg><span class=\"wp-block-social-link-label screen-reader-text\">Instagram<\/span><\/a><\/li>\n\n<li class=\"wp-social-link wp-social-link-youtube  wp-block-social-link\"><a href=\"https:\/\/youtube.com\/channel\/UCmret034wxa_aeZhCCRP1Tg\" class=\"wp-block-social-link-anchor\"><svg width=\"24\" height=\"24\" viewBox=\"0 0 24 24\" version=\"1.1\" xmlns=\"http:\/\/www.w3.org\/2000\/svg\" aria-hidden=\"true\" focusable=\"false\"><path d=\"M21.8,8.001c0,0-0.195-1.378-0.795-1.985c-0.76-0.797-1.613-0.801-2.004-0.847c-2.799-0.202-6.997-0.202-6.997-0.202 h-0.009c0,0-4.198,0-6.997,0.202C4.608,5.216,3.756,5.22,2.995,6.016C2.395,6.623,2.2,8.001,2.2,8.001S2,9.62,2,11.238v1.517 c0,1.618,0.2,3.237,0.2,3.237s0.195,1.378,0.795,1.985c0.761,0.797,1.76,0.771,2.205,0.855c1.6,0.153,6.8,0.201,6.8,0.201 s4.203-0.006,7.001-0.209c0.391-0.047,1.243-0.051,2.004-0.847c0.6-0.607,0.795-1.985,0.795-1.985s0.2-1.618,0.2-3.237v-1.517 C22,9.62,21.8,8.001,21.8,8.001z M9.935,14.594l-0.001-5.62l5.404,2.82L9.935,14.594z\"><\/path><\/svg><span class=\"wp-block-social-link-label screen-reader-text\">Youtube<\/span><\/a><\/li><\/ul>\n<\/div><\/div>\n\n\n<ul class=\"wp-block-latest-posts__list is-grid columns-3 wp-block-latest-posts\"><li><div class=\"wp-block-latest-posts__featured-image aligncenter\"><a href=\"https:\/\/vichy-encheres.com\/en\/2026\/04\/09\/collection-raffin\/\" aria-label=\"Vente \u00e9v\u00e9nement : une s\u00e9lection d\u2019archets de la collection Jean-Fran\u00e7ois Raffin\"><img loading=\"lazy\" decoding=\"async\" width=\"150\" height=\"150\" src=\"https:\/\/vichy-encheres.com\/wp-content\/uploads\/2026\/04\/2026-05-04-quatuor-collection-raffin-couv-16x9-1-150x150.jpg\" class=\"attachment-thumbnail size-thumbnail wp-post-image\" alt=\"Collection Jean-Fran\u00e7ois Raffin Mise en vente par Vichy Ench\u00e8res le 4 juin 2026\" style=\"\" sizes=\"auto, (max-width: 34.9rem) calc(100vw - 2rem), (max-width: 53rem) calc(8 * (100vw \/ 12)), (min-width: 53rem) calc(6 * (100vw \/ 12)), 100vw\" \/><\/a><\/div><a class=\"wp-block-latest-posts__post-title\" href=\"https:\/\/vichy-encheres.com\/en\/2026\/04\/09\/collection-raffin\/\">Vente \u00e9v\u00e9nement : une s\u00e9lection d\u2019archets de la collection Jean-Fran\u00e7ois Raffin<\/a><\/li>\n<li><div class=\"wp-block-latest-posts__featured-image aligncenter\"><a href=\"https:\/\/vichy-encheres.com\/en\/2026\/04\/07\/trompe-chasse-raoux\/\" aria-label=\"Une trompe de chasse en r\u00e9 de Raoux, estampill\u00e9e \u201cSeul ordinaire du Roi\u201d\"><img loading=\"lazy\" decoding=\"async\" width=\"150\" height=\"150\" src=\"https:\/\/vichy-encheres.com\/wp-content\/uploads\/2026\/04\/2026-05-02-vcp-lot353-3577-77-trompe-raoux-1-150x150.jpg\" class=\"attachment-thumbnail size-thumbnail wp-post-image\" alt=\"Trompe de chasse en R\u00e9 de RAOUX, d\u00e9but XIX\u00e8me Instrument mis en vente par Vichy Ench\u00e8res le 2 mai 2026 \u00a9 Vichy Ench\u00e8res\/ Photo C. Darbelet\" style=\"\" sizes=\"auto, (max-width: 34.9rem) calc(100vw - 2rem), (max-width: 53rem) calc(8 * (100vw \/ 12)), (min-width: 53rem) calc(6 * (100vw \/ 12)), 100vw\" \/><\/a><\/div><a class=\"wp-block-latest-posts__post-title\" href=\"https:\/\/vichy-encheres.com\/en\/2026\/04\/07\/trompe-chasse-raoux\/\">Une trompe de chasse en r\u00e9 de Raoux, estampill\u00e9e \u201cSeul ordinaire du Roi\u201d<\/a><\/li>\n<li><div class=\"wp-block-latest-posts__featured-image aligncenter\"><a href=\"https:\/\/vichy-encheres.com\/en\/2026\/03\/13\/epinette\/\" aria-label=\"L\u2019unique \u00e9pinette connue d\u2019Armand-Joseph Lion, facteur d\u2019orgues \u00e0 Mons\"><img loading=\"lazy\" decoding=\"async\" width=\"150\" height=\"150\" src=\"https:\/\/vichy-encheres.com\/wp-content\/uploads\/2026\/03\/06-2026-05-02-vcp-3879-1-epinette-lion-armand-joseph-1-150x150.jpg\" class=\"attachment-thumbnail size-thumbnail wp-post-image\" alt=\"\u00c9pinette en aile d\u2019oiseau d&#039;Armand-Joseph LION, 1786 Instrument mis en vente par Vichy Ench\u00e8res le 2 mai 2026 \u00a9 Vichy Ench\u00e8res\/ Photo C. Darbelet\" style=\"\" srcset=\"https:\/\/vichy-encheres.com\/wp-content\/uploads\/2026\/03\/06-2026-05-02-vcp-3879-1-epinette-lion-armand-joseph-1-150x150.jpg 150w, https:\/\/vichy-encheres.com\/wp-content\/uploads\/2026\/03\/06-2026-05-02-vcp-3879-1-epinette-lion-armand-joseph-1-300x300.jpg 300w, https:\/\/vichy-encheres.com\/wp-content\/uploads\/2026\/03\/06-2026-05-02-vcp-3879-1-epinette-lion-armand-joseph-1-1024x1024.jpg 1024w, https:\/\/vichy-encheres.com\/wp-content\/uploads\/2026\/03\/06-2026-05-02-vcp-3879-1-epinette-lion-armand-joseph-1-768x768.jpg 768w, https:\/\/vichy-encheres.com\/wp-content\/uploads\/2026\/03\/06-2026-05-02-vcp-3879-1-epinette-lion-armand-joseph-1-1536x1536.jpg 1536w, https:\/\/vichy-encheres.com\/wp-content\/uploads\/2026\/03\/06-2026-05-02-vcp-3879-1-epinette-lion-armand-joseph-1-1568x1568.jpg 1568w, https:\/\/vichy-encheres.com\/wp-content\/uploads\/2026\/03\/06-2026-05-02-vcp-3879-1-epinette-lion-armand-joseph-1-100x100.jpg 100w, https:\/\/vichy-encheres.com\/wp-content\/uploads\/2026\/03\/06-2026-05-02-vcp-3879-1-epinette-lion-armand-joseph-1.jpg 2000w\" sizes=\"auto, (max-width: 34.9rem) calc(100vw - 2rem), (max-width: 53rem) calc(8 * (100vw \/ 12)), (min-width: 53rem) calc(6 * (100vw \/ 12)), 100vw\" \/><\/a><\/div><a class=\"wp-block-latest-posts__post-title\" href=\"https:\/\/vichy-encheres.com\/en\/2026\/03\/13\/epinette\/\">L\u2019unique \u00e9pinette connue d\u2019Armand-Joseph Lion, facteur d\u2019orgues \u00e0 Mons<\/a><\/li>\n<\/ul>\n\n\n<div style=\"height:100px\" aria-hidden=\"true\" class=\"wp-block-spacer\"><\/div>\n","protected":false},"excerpt":{"rendered":"<p>Rendez-vous en\u00a0mai 2025 pour nos\u00a0premi\u00e8res ventes de l\u2019ann\u00e9e d\u2019instruments \u00e0 vent et \u00e0 cordes pinc\u00e9es !\u00a0Vichy Ench\u00e8res, qui s\u2019impose aujourd\u2019hui comme le leader sur le march\u00e9 des vents et cordes pinc\u00e9es, se renouvelle chaque ann\u00e9e pour vous proposer une h\u00e9t\u00e9rog\u00e9n\u00e9it\u00e9 de mod\u00e8les repr\u00e9sentatifs de la richesse de ces familles d\u2019instruments.\u00a0 <\/p>\n","protected":false},"author":2,"featured_media":27470,"comment_status":"closed","ping_status":"open","sticky":false,"template":"","format":"standard","meta":{"_acf_changed":false,"footnotes":""},"categories":[1],"tags":[],"class_list":["post-23378","post","type-post","status-publish","format-standard","has-post-thumbnail","hentry","category-non-classifiee","entry"],"acf":[],"yoast_head":"<!-- This site is optimized with the Yoast SEO plugin v27.5 - https:\/\/yoast.com\/product\/yoast-seo-wordpress\/ -->\n<title>9 et 10 mai 2025 : ventes d&#039;instruments \u00e0 vent, \u00e0 cordes pinc\u00e9es et livres de musique - Vichy Ench\u00e8res<\/title>\n<meta name=\"description\" content=\"Une multitude d\u2019instruments allant des mod\u00e8les iconiques aux pi\u00e8ces historiques, seront \u00e0 l\u2019honneur.\" \/>\n<meta name=\"robots\" content=\"index, follow, max-snippet:-1, max-image-preview:large, max-video-preview:-1\" \/>\n<link rel=\"canonical\" href=\"https:\/\/vichy-encheres.com\/2025\/04\/02\/vent-cordes-pincees-2025-05-10\/\" \/>\n<meta property=\"og:locale\" content=\"en_US\" \/>\n<meta property=\"og:type\" content=\"article\" \/>\n<meta property=\"og:title\" content=\"9 et 10 mai 2025 : ventes d&#039;instruments \u00e0 vent, \u00e0 cordes pinc\u00e9es et livres de musique - Vichy Ench\u00e8res\" \/>\n<meta property=\"og:description\" content=\"Une multitude d\u2019instruments allant des mod\u00e8les iconiques aux pi\u00e8ces historiques, seront \u00e0 l\u2019honneur.\" \/>\n<meta property=\"og:url\" content=\"https:\/\/vichy-encheres.com\/2025\/04\/02\/vent-cordes-pincees-2025-05-10\/\" \/>\n<meta property=\"og:site_name\" content=\"Vichy Ench\u00e8res\" \/>\n<meta property=\"article:publisher\" content=\"https:\/\/www.facebook.com\/vichyencheres\" \/>\n<meta property=\"article:published_time\" content=\"2025-04-02T08:22:49+00:00\" \/>\n<meta property=\"article:modified_time\" content=\"2025-04-14T08:01:18+00:00\" \/>\n<meta property=\"og:image\" content=\"https:\/\/vichy-encheres.com\/wp-content\/uploads\/2025\/04\/2025-05-10-vcp-3215-59-peinture-calbet-antoine-couv-website.jpg\" \/>\n\t<meta property=\"og:image:width\" content=\"2000\" \/>\n\t<meta property=\"og:image:height\" content=\"1833\" \/>\n\t<meta property=\"og:image:type\" content=\"image\/jpeg\" \/>\n<meta name=\"author\" content=\"Vichy Ench\u00e8res\" \/>\n<meta name=\"twitter:card\" content=\"summary_large_image\" \/>\n<meta name=\"twitter:label1\" content=\"Written by\" \/>\n\t<meta name=\"twitter:data1\" content=\"Vichy Ench\u00e8res\" \/>\n\t<meta name=\"twitter:label2\" content=\"Est. reading time\" \/>\n\t<meta name=\"twitter:data2\" content=\"1 minute\" \/>\n<script type=\"application\/ld+json\" class=\"yoast-schema-graph\">{\"@context\":\"https:\\\/\\\/schema.org\",\"@graph\":[{\"@type\":\"Article\",\"@id\":\"https:\\\/\\\/vichy-encheres.com\\\/2025\\\/04\\\/02\\\/vent-cordes-pincees-2025-05-10\\\/#article\",\"isPartOf\":{\"@id\":\"https:\\\/\\\/vichy-encheres.com\\\/2025\\\/04\\\/02\\\/vent-cordes-pincees-2025-05-10\\\/\"},\"author\":{\"name\":\"Vichy Ench\u00e8res\",\"@id\":\"https:\\\/\\\/vichy-encheres.com\\\/#\\\/schema\\\/person\\\/76259cb5a84dec51c1c2d5cc3eef0563\"},\"headline\":\"9 et 10 mai 2025 : ventes d&#8217;instruments \u00e0 vent, \u00e0 cordes pinc\u00e9es et livres de musique\",\"datePublished\":\"2025-04-02T08:22:49+00:00\",\"dateModified\":\"2025-04-14T08:01:18+00:00\",\"mainEntityOfPage\":{\"@id\":\"https:\\\/\\\/vichy-encheres.com\\\/2025\\\/04\\\/02\\\/vent-cordes-pincees-2025-05-10\\\/\"},\"wordCount\":313,\"publisher\":{\"@id\":\"https:\\\/\\\/vichy-encheres.com\\\/#organization\"},\"image\":{\"@id\":\"https:\\\/\\\/vichy-encheres.com\\\/2025\\\/04\\\/02\\\/vent-cordes-pincees-2025-05-10\\\/#primaryimage\"},\"thumbnailUrl\":\"https:\\\/\\\/vichy-encheres.com\\\/wp-content\\\/uploads\\\/2025\\\/04\\\/2025-05-10-vcp-3215-59-peinture-calbet-antoine-couv-website.jpg\",\"articleSection\":[\"Non classifi\u00e9(e)\"],\"inLanguage\":\"en-US\"},{\"@type\":\"WebPage\",\"@id\":\"https:\\\/\\\/vichy-encheres.com\\\/2025\\\/04\\\/02\\\/vent-cordes-pincees-2025-05-10\\\/\",\"url\":\"https:\\\/\\\/vichy-encheres.com\\\/2025\\\/04\\\/02\\\/vent-cordes-pincees-2025-05-10\\\/\",\"name\":\"9 et 10 mai 2025 : ventes d'instruments \u00e0 vent, \u00e0 cordes pinc\u00e9es et livres de musique - Vichy Ench\u00e8res\",\"isPartOf\":{\"@id\":\"https:\\\/\\\/vichy-encheres.com\\\/#website\"},\"primaryImageOfPage\":{\"@id\":\"https:\\\/\\\/vichy-encheres.com\\\/2025\\\/04\\\/02\\\/vent-cordes-pincees-2025-05-10\\\/#primaryimage\"},\"image\":{\"@id\":\"https:\\\/\\\/vichy-encheres.com\\\/2025\\\/04\\\/02\\\/vent-cordes-pincees-2025-05-10\\\/#primaryimage\"},\"thumbnailUrl\":\"https:\\\/\\\/vichy-encheres.com\\\/wp-content\\\/uploads\\\/2025\\\/04\\\/2025-05-10-vcp-3215-59-peinture-calbet-antoine-couv-website.jpg\",\"datePublished\":\"2025-04-02T08:22:49+00:00\",\"dateModified\":\"2025-04-14T08:01:18+00:00\",\"description\":\"Une multitude d\u2019instruments allant des mod\u00e8les iconiques aux pi\u00e8ces historiques, seront \u00e0 l\u2019honneur.\",\"breadcrumb\":{\"@id\":\"https:\\\/\\\/vichy-encheres.com\\\/2025\\\/04\\\/02\\\/vent-cordes-pincees-2025-05-10\\\/#breadcrumb\"},\"inLanguage\":\"en-US\",\"potentialAction\":[{\"@type\":\"ReadAction\",\"target\":[\"https:\\\/\\\/vichy-encheres.com\\\/2025\\\/04\\\/02\\\/vent-cordes-pincees-2025-05-10\\\/\"]}]},{\"@type\":\"ImageObject\",\"inLanguage\":\"en-US\",\"@id\":\"https:\\\/\\\/vichy-encheres.com\\\/2025\\\/04\\\/02\\\/vent-cordes-pincees-2025-05-10\\\/#primaryimage\",\"url\":\"https:\\\/\\\/vichy-encheres.com\\\/wp-content\\\/uploads\\\/2025\\\/04\\\/2025-05-10-vcp-3215-59-peinture-calbet-antoine-couv-website.jpg\",\"contentUrl\":\"https:\\\/\\\/vichy-encheres.com\\\/wp-content\\\/uploads\\\/2025\\\/04\\\/2025-05-10-vcp-3215-59-peinture-calbet-antoine-couv-website.jpg\",\"width\":2000,\"height\":1833,\"caption\":\"Antoine CALBET (1860-1944), Femme \u00e0 la guitare, huile sur toile Oeuvre mise en vente par Vichy Ench\u00e8res le 10 mai 2025 \u00a9 C. Darbelet\"},{\"@type\":\"BreadcrumbList\",\"@id\":\"https:\\\/\\\/vichy-encheres.com\\\/2025\\\/04\\\/02\\\/vent-cordes-pincees-2025-05-10\\\/#breadcrumb\",\"itemListElement\":[{\"@type\":\"ListItem\",\"position\":1,\"name\":\"Accueil\",\"item\":\"https:\\\/\\\/vichy-encheres.com\\\/en\\\/\"},{\"@type\":\"ListItem\",\"position\":2,\"name\":\"9 et 10 mai 2025 : ventes d&rsquo;instruments \u00e0 vent, \u00e0 cordes pinc\u00e9es et livres de musique\"}]},{\"@type\":\"WebSite\",\"@id\":\"https:\\\/\\\/vichy-encheres.com\\\/#website\",\"url\":\"https:\\\/\\\/vichy-encheres.com\\\/\",\"name\":\"Vichy Ench\u00e8res\",\"description\":\"La maison de ventes fran\u00e7aise sp\u00e9cialis\u00e9e dans les instruments de musique depuis 1983\",\"publisher\":{\"@id\":\"https:\\\/\\\/vichy-encheres.com\\\/#organization\"},\"potentialAction\":[{\"@type\":\"SearchAction\",\"target\":{\"@type\":\"EntryPoint\",\"urlTemplate\":\"https:\\\/\\\/vichy-encheres.com\\\/?s={search_term_string}\"},\"query-input\":{\"@type\":\"PropertyValueSpecification\",\"valueRequired\":true,\"valueName\":\"search_term_string\"}}],\"inLanguage\":\"en-US\"},{\"@type\":\"Organization\",\"@id\":\"https:\\\/\\\/vichy-encheres.com\\\/#organization\",\"name\":\"Vichy Ench\u00e8res\",\"url\":\"https:\\\/\\\/vichy-encheres.com\\\/\",\"logo\":{\"@type\":\"ImageObject\",\"inLanguage\":\"en-US\",\"@id\":\"https:\\\/\\\/vichy-encheres.com\\\/#\\\/schema\\\/logo\\\/image\\\/\",\"url\":\"https:\\\/\\\/vichy-encheres.com\\\/wp-content\\\/uploads\\\/2020\\\/07\\\/homepage_logo.gif\",\"contentUrl\":\"https:\\\/\\\/vichy-encheres.com\\\/wp-content\\\/uploads\\\/2020\\\/07\\\/homepage_logo.gif\",\"width\":2000,\"height\":1500,\"caption\":\"Vichy Ench\u00e8res\"},\"image\":{\"@id\":\"https:\\\/\\\/vichy-encheres.com\\\/#\\\/schema\\\/logo\\\/image\\\/\"},\"sameAs\":[\"https:\\\/\\\/www.facebook.com\\\/vichyencheres\",\"https:\\\/\\\/www.instagram.com\\\/vichyencheres\",\"https:\\\/\\\/www.pinterest.fr\\\/vichyencheres\"]},{\"@type\":\"Person\",\"@id\":\"https:\\\/\\\/vichy-encheres.com\\\/#\\\/schema\\\/person\\\/76259cb5a84dec51c1c2d5cc3eef0563\",\"name\":\"Vichy Ench\u00e8res\",\"image\":{\"@type\":\"ImageObject\",\"inLanguage\":\"en-US\",\"@id\":\"https:\\\/\\\/secure.gravatar.com\\\/avatar\\\/066c93c24de5d5efeb2514336fc3fb34dcbc3b5c2072da0039d9abd06643951e?s=96&d=mm&r=g\",\"url\":\"https:\\\/\\\/secure.gravatar.com\\\/avatar\\\/066c93c24de5d5efeb2514336fc3fb34dcbc3b5c2072da0039d9abd06643951e?s=96&d=mm&r=g\",\"contentUrl\":\"https:\\\/\\\/secure.gravatar.com\\\/avatar\\\/066c93c24de5d5efeb2514336fc3fb34dcbc3b5c2072da0039d9abd06643951e?s=96&d=mm&r=g\",\"caption\":\"Vichy Ench\u00e8res\"},\"url\":\"https:\\\/\\\/vichy-encheres.com\\\/en\\\/author\\\/vichyencheres\\\/\"}]}<\/script>\n<!-- \/ Yoast SEO plugin. -->","yoast_head_json":{"title":"9 et 10 mai 2025 : ventes d'instruments \u00e0 vent, \u00e0 cordes pinc\u00e9es et livres de musique - Vichy Ench\u00e8res","description":"Une multitude d\u2019instruments allant des mod\u00e8les iconiques aux pi\u00e8ces historiques, seront \u00e0 l\u2019honneur.","robots":{"index":"index","follow":"follow","max-snippet":"max-snippet:-1","max-image-preview":"max-image-preview:large","max-video-preview":"max-video-preview:-1"},"canonical":"https:\/\/vichy-encheres.com\/2025\/04\/02\/vent-cordes-pincees-2025-05-10\/","og_locale":"en_US","og_type":"article","og_title":"9 et 10 mai 2025 : ventes d'instruments \u00e0 vent, \u00e0 cordes pinc\u00e9es et livres de musique - Vichy Ench\u00e8res","og_description":"Une multitude d\u2019instruments allant des mod\u00e8les iconiques aux pi\u00e8ces historiques, seront \u00e0 l\u2019honneur.","og_url":"https:\/\/vichy-encheres.com\/2025\/04\/02\/vent-cordes-pincees-2025-05-10\/","og_site_name":"Vichy Ench\u00e8res","article_publisher":"https:\/\/www.facebook.com\/vichyencheres","article_published_time":"2025-04-02T08:22:49+00:00","article_modified_time":"2025-04-14T08:01:18+00:00","og_image":[{"width":2000,"height":1833,"url":"https:\/\/vichy-encheres.com\/wp-content\/uploads\/2025\/04\/2025-05-10-vcp-3215-59-peinture-calbet-antoine-couv-website.jpg","type":"image\/jpeg"}],"author":"Vichy Ench\u00e8res","twitter_card":"summary_large_image","twitter_misc":{"Written by":"Vichy Ench\u00e8res","Est. reading time":"1 minute"},"schema":{"@context":"https:\/\/schema.org","@graph":[{"@type":"Article","@id":"https:\/\/vichy-encheres.com\/2025\/04\/02\/vent-cordes-pincees-2025-05-10\/#article","isPartOf":{"@id":"https:\/\/vichy-encheres.com\/2025\/04\/02\/vent-cordes-pincees-2025-05-10\/"},"author":{"name":"Vichy Ench\u00e8res","@id":"https:\/\/vichy-encheres.com\/#\/schema\/person\/76259cb5a84dec51c1c2d5cc3eef0563"},"headline":"9 et 10 mai 2025 : ventes d&#8217;instruments \u00e0 vent, \u00e0 cordes pinc\u00e9es et livres de musique","datePublished":"2025-04-02T08:22:49+00:00","dateModified":"2025-04-14T08:01:18+00:00","mainEntityOfPage":{"@id":"https:\/\/vichy-encheres.com\/2025\/04\/02\/vent-cordes-pincees-2025-05-10\/"},"wordCount":313,"publisher":{"@id":"https:\/\/vichy-encheres.com\/#organization"},"image":{"@id":"https:\/\/vichy-encheres.com\/2025\/04\/02\/vent-cordes-pincees-2025-05-10\/#primaryimage"},"thumbnailUrl":"https:\/\/vichy-encheres.com\/wp-content\/uploads\/2025\/04\/2025-05-10-vcp-3215-59-peinture-calbet-antoine-couv-website.jpg","articleSection":["Non classifi\u00e9(e)"],"inLanguage":"en-US"},{"@type":"WebPage","@id":"https:\/\/vichy-encheres.com\/2025\/04\/02\/vent-cordes-pincees-2025-05-10\/","url":"https:\/\/vichy-encheres.com\/2025\/04\/02\/vent-cordes-pincees-2025-05-10\/","name":"9 et 10 mai 2025 : ventes d'instruments \u00e0 vent, \u00e0 cordes pinc\u00e9es et livres de musique - Vichy Ench\u00e8res","isPartOf":{"@id":"https:\/\/vichy-encheres.com\/#website"},"primaryImageOfPage":{"@id":"https:\/\/vichy-encheres.com\/2025\/04\/02\/vent-cordes-pincees-2025-05-10\/#primaryimage"},"image":{"@id":"https:\/\/vichy-encheres.com\/2025\/04\/02\/vent-cordes-pincees-2025-05-10\/#primaryimage"},"thumbnailUrl":"https:\/\/vichy-encheres.com\/wp-content\/uploads\/2025\/04\/2025-05-10-vcp-3215-59-peinture-calbet-antoine-couv-website.jpg","datePublished":"2025-04-02T08:22:49+00:00","dateModified":"2025-04-14T08:01:18+00:00","description":"Une multitude d\u2019instruments allant des mod\u00e8les iconiques aux pi\u00e8ces historiques, seront \u00e0 l\u2019honneur.","breadcrumb":{"@id":"https:\/\/vichy-encheres.com\/2025\/04\/02\/vent-cordes-pincees-2025-05-10\/#breadcrumb"},"inLanguage":"en-US","potentialAction":[{"@type":"ReadAction","target":["https:\/\/vichy-encheres.com\/2025\/04\/02\/vent-cordes-pincees-2025-05-10\/"]}]},{"@type":"ImageObject","inLanguage":"en-US","@id":"https:\/\/vichy-encheres.com\/2025\/04\/02\/vent-cordes-pincees-2025-05-10\/#primaryimage","url":"https:\/\/vichy-encheres.com\/wp-content\/uploads\/2025\/04\/2025-05-10-vcp-3215-59-peinture-calbet-antoine-couv-website.jpg","contentUrl":"https:\/\/vichy-encheres.com\/wp-content\/uploads\/2025\/04\/2025-05-10-vcp-3215-59-peinture-calbet-antoine-couv-website.jpg","width":2000,"height":1833,"caption":"Antoine CALBET (1860-1944), Femme \u00e0 la guitare, huile sur toile Oeuvre mise en vente par Vichy Ench\u00e8res le 10 mai 2025 \u00a9 C. Darbelet"},{"@type":"BreadcrumbList","@id":"https:\/\/vichy-encheres.com\/2025\/04\/02\/vent-cordes-pincees-2025-05-10\/#breadcrumb","itemListElement":[{"@type":"ListItem","position":1,"name":"Accueil","item":"https:\/\/vichy-encheres.com\/en\/"},{"@type":"ListItem","position":2,"name":"9 et 10 mai 2025 : ventes d&rsquo;instruments \u00e0 vent, \u00e0 cordes pinc\u00e9es et livres de musique"}]},{"@type":"WebSite","@id":"https:\/\/vichy-encheres.com\/#website","url":"https:\/\/vichy-encheres.com\/","name":"Vichy Ench\u00e8res","description":"La maison de ventes fran\u00e7aise sp\u00e9cialis\u00e9e dans les instruments de musique depuis 1983","publisher":{"@id":"https:\/\/vichy-encheres.com\/#organization"},"potentialAction":[{"@type":"SearchAction","target":{"@type":"EntryPoint","urlTemplate":"https:\/\/vichy-encheres.com\/?s={search_term_string}"},"query-input":{"@type":"PropertyValueSpecification","valueRequired":true,"valueName":"search_term_string"}}],"inLanguage":"en-US"},{"@type":"Organization","@id":"https:\/\/vichy-encheres.com\/#organization","name":"Vichy Ench\u00e8res","url":"https:\/\/vichy-encheres.com\/","logo":{"@type":"ImageObject","inLanguage":"en-US","@id":"https:\/\/vichy-encheres.com\/#\/schema\/logo\/image\/","url":"https:\/\/vichy-encheres.com\/wp-content\/uploads\/2020\/07\/homepage_logo.gif","contentUrl":"https:\/\/vichy-encheres.com\/wp-content\/uploads\/2020\/07\/homepage_logo.gif","width":2000,"height":1500,"caption":"Vichy Ench\u00e8res"},"image":{"@id":"https:\/\/vichy-encheres.com\/#\/schema\/logo\/image\/"},"sameAs":["https:\/\/www.facebook.com\/vichyencheres","https:\/\/www.instagram.com\/vichyencheres","https:\/\/www.pinterest.fr\/vichyencheres"]},{"@type":"Person","@id":"https:\/\/vichy-encheres.com\/#\/schema\/person\/76259cb5a84dec51c1c2d5cc3eef0563","name":"Vichy Ench\u00e8res","image":{"@type":"ImageObject","inLanguage":"en-US","@id":"https:\/\/secure.gravatar.com\/avatar\/066c93c24de5d5efeb2514336fc3fb34dcbc3b5c2072da0039d9abd06643951e?s=96&d=mm&r=g","url":"https:\/\/secure.gravatar.com\/avatar\/066c93c24de5d5efeb2514336fc3fb34dcbc3b5c2072da0039d9abd06643951e?s=96&d=mm&r=g","contentUrl":"https:\/\/secure.gravatar.com\/avatar\/066c93c24de5d5efeb2514336fc3fb34dcbc3b5c2072da0039d9abd06643951e?s=96&d=mm&r=g","caption":"Vichy Ench\u00e8res"},"url":"https:\/\/vichy-encheres.com\/en\/author\/vichyencheres\/"}]}},"_links":{"self":[{"href":"https:\/\/vichy-encheres.com\/en\/wp-json\/wp\/v2\/posts\/23378","targetHints":{"allow":["GET"]}}],"collection":[{"href":"https:\/\/vichy-encheres.com\/en\/wp-json\/wp\/v2\/posts"}],"about":[{"href":"https:\/\/vichy-encheres.com\/en\/wp-json\/wp\/v2\/types\/post"}],"author":[{"embeddable":true,"href":"https:\/\/vichy-encheres.com\/en\/wp-json\/wp\/v2\/users\/2"}],"replies":[{"embeddable":true,"href":"https:\/\/vichy-encheres.com\/en\/wp-json\/wp\/v2\/comments?post=23378"}],"version-history":[{"count":7,"href":"https:\/\/vichy-encheres.com\/en\/wp-json\/wp\/v2\/posts\/23378\/revisions"}],"predecessor-version":[{"id":27707,"href":"https:\/\/vichy-encheres.com\/en\/wp-json\/wp\/v2\/posts\/23378\/revisions\/27707"}],"wp:featuredmedia":[{"embeddable":true,"href":"https:\/\/vichy-encheres.com\/en\/wp-json\/wp\/v2\/media\/27470"}],"wp:attachment":[{"href":"https:\/\/vichy-encheres.com\/en\/wp-json\/wp\/v2\/media?parent=23378"}],"wp:term":[{"taxonomy":"category","embeddable":true,"href":"https:\/\/vichy-encheres.com\/en\/wp-json\/wp\/v2\/categories?post=23378"},{"taxonomy":"post_tag","embeddable":true,"href":"https:\/\/vichy-encheres.com\/en\/wp-json\/wp\/v2\/tags?post=23378"}],"curies":[{"name":"wp","href":"https:\/\/api.w.org\/{rel}","templated":true}]}}