{"id":32478,"date":"2026-04-09T14:16:11","date_gmt":"2026-04-09T12:16:11","guid":{"rendered":"https:\/\/vichy-encheres.com\/?p=32478"},"modified":"2026-04-29T11:06:40","modified_gmt":"2026-04-29T09:06:40","slug":"collection-raffin","status":"publish","type":"post","link":"https:\/\/vichy-encheres.com\/en\/2026\/04\/09\/collection-raffin\/","title":{"rendered":"Vente \u00e9v\u00e9nement : une s\u00e9lection d\u2019archets de la collection Jean-Fran\u00e7ois Raffin"},"content":{"rendered":"\n<div style=\"height:30px\" aria-hidden=\"true\" class=\"wp-block-spacer\"><\/div>\n\n\n\n<blockquote class=\"wp-block-quote is-style-large is-layout-flow wp-block-quote-is-layout-flow\">\n<p id=\"francais\">Vichy Ench\u00e8res est heureuse de vous pr\u00e9senter une s\u00e9lection d\u2019archets de la collection de Jean-Fran\u00e7ois Raffin, expert aupr\u00e8s de ses ventes de 1995 \u00e0 2023. Form\u00e9 \u00e0 Mirecourt puis \u00e0 Paris, notamment aupr\u00e8s de Bernard Millant dont il fut l\u2019\u00e9l\u00e8ve pendant pr\u00e8s de vingt ans, Jean-Fran\u00e7ois Raffin s\u2019est impos\u00e9 comme l\u2019un des grands sp\u00e9cialistes de l\u2019expertise d\u2019archets. Il d\u00e9bute comme luthier, avant de se consacrer \u00e0 l\u2019arch\u00e8terie, puis \u00e0 l\u2019expertise. Re\u00e7u expert pr\u00e8s la Cour d\u2019Appel de Paris en 1996, il a particip\u00e9 \u00e0 la r\u00e9daction de <em>L\u2019Archet<\/em>, ouvrage de r\u00e9f\u00e9rence et a \u00e9tabli, seul ou en association, plusieurs dizaines de milliers de certificats.<\/p>\n<\/blockquote>\n\n\n\n<div style=\"height:30px\" aria-hidden=\"true\" class=\"wp-block-spacer\"><\/div>\n\n\n\n<div class=\"wp-block-buttons is-horizontal is-content-justification-center is-layout-flex wp-container-core-buttons-is-layout-499968f5 wp-block-buttons-is-layout-flex\">\n<div class=\"wp-block-button is-style-outline is-style-outline--1\"><a class=\"wp-block-button__link wp-element-button\" href=\"https:\/\/vichy-encheres.com\/documents\/2026-06-04-quatuor-136-catalogue.pdf\" target=\"_blank\" rel=\"noreferrer noopener\">Catalogue de vente<\/a><\/div>\n\n\n\n<div class=\"wp-block-button is-style-outline is-style-outline--2\"><a class=\"wp-block-button__link wp-element-button\" href=\"https:\/\/vichy-encheres.com\/documents\/2026-06-04-quatuor-137-collection-raffin-catalogue.pdf\" target=\"_blank\" rel=\"noreferrer noopener\">Catalogue de la collection Jean-Fran\u00e7ois Raffin<\/a><\/div>\n\n\n\n<div class=\"wp-block-button is-style-outline is-style-outline--3\"><a class=\"wp-block-button__link wp-element-button\" href=\"https:\/\/www.interencheres.com\/art-decoration\/instruments-du-quatuor-679419\" target=\"_blank\" rel=\"noreferrer noopener\">Vente du 1er juin 2026<\/a><\/div>\n\n\n\n<div class=\"wp-block-button is-style-outline is-style-outline--4\"><a class=\"wp-block-button__link wp-element-button\" href=\"https:\/\/www.interencheres.com\/art-decoration\/instruments-du-quatuor-679424\" target=\"_blank\" rel=\"noreferrer noopener\">Vente du 2 juin 2026<\/a><\/div>\n\n\n\n<div class=\"wp-block-button is-style-outline is-style-outline--5\"><a class=\"wp-block-button__link wp-element-button\" href=\"https:\/\/www.interencheres.com\/art-decoration\/instruments-du-quatuor-679427\" target=\"_blank\" rel=\"noreferrer noopener\">Vente du 3 juin 2026<\/a><\/div>\n\n\n\n<div class=\"wp-block-button is-style-outline is-style-outline--6\"><a class=\"wp-block-button__link wp-element-button\" href=\"https:\/\/www.interencheres.com\/art-decoration\/instruments-du-quatuor-679429\" target=\"_blank\" rel=\"noreferrer noopener\">Vente du 4 juin 2026<\/a><\/div>\n\n\n\n<div class=\"wp-block-button is-style-outline is-style-outline--7\"><a class=\"wp-block-button__link wp-element-button\" href=\"https:\/\/vichy-encheres.com\/contact\/\" target=\"_blank\" rel=\"noreferrer noopener\">Contact<\/a><\/div>\n\n\n\n<div class=\"wp-block-button is-style-outline is-style-outline--8\"><a class=\"wp-block-button__link wp-element-button\" href=\"https:\/\/vichy-encheres.com\/vichy-encheres\/equipe\/\" target=\"_blank\" rel=\"noreferrer noopener\">Experts<\/a><\/div>\n\n\n\n<div class=\"wp-block-button is-style-outline is-style-outline--9\"><a class=\"wp-block-button__link wp-element-button\" href=\"#english\">English version<\/a><\/div>\n<\/div>\n\n\n\n<div style=\"height:100px\" aria-hidden=\"true\" class=\"wp-block-spacer\"><\/div>\n\n\n\n<hr class=\"wp-block-separator has-css-opacity is-style-dots\"\/>\n\n\n\n<div style=\"height:100px\" aria-hidden=\"true\" class=\"wp-block-spacer\"><\/div>\n\n\n\n<h1 class=\"wp-block-heading\">Formation et transmission<\/h1>\n\n\n\n<div style=\"height:100px\" aria-hidden=\"true\" class=\"wp-block-spacer\"><\/div>\n\n\n\n<figure class=\"wp-block-gallery has-nested-images columns-default is-cropped wp-block-gallery-10 is-layout-flex wp-block-gallery-is-layout-flex\">\n<figure class=\"wp-block-image size-large\"><a href=\"https:\/\/vichy-encheres.com\/wp-content\/uploads\/2023\/11\/portrait-expert-raffin-jean-francois-2019\u00a9cdarbelet-scaled.jpg\"><img loading=\"lazy\" decoding=\"async\" width=\"981\" height=\"1024\" data-id=\"23227\" src=\"https:\/\/vichy-encheres.com\/wp-content\/uploads\/2023\/11\/portrait-expert-raffin-jean-francois-2019\u00a9cdarbelet-981x1024.jpg\" alt=\"\" class=\"wp-image-23227\" srcset=\"https:\/\/vichy-encheres.com\/wp-content\/uploads\/2023\/11\/portrait-expert-raffin-jean-francois-2019\u00a9cdarbelet-981x1024.jpg 981w, https:\/\/vichy-encheres.com\/wp-content\/uploads\/2023\/11\/portrait-expert-raffin-jean-francois-2019\u00a9cdarbelet-287x300.jpg 287w, https:\/\/vichy-encheres.com\/wp-content\/uploads\/2023\/11\/portrait-expert-raffin-jean-francois-2019\u00a9cdarbelet-768x802.jpg 768w, https:\/\/vichy-encheres.com\/wp-content\/uploads\/2023\/11\/portrait-expert-raffin-jean-francois-2019\u00a9cdarbelet-1471x1536.jpg 1471w, https:\/\/vichy-encheres.com\/wp-content\/uploads\/2023\/11\/portrait-expert-raffin-jean-francois-2019\u00a9cdarbelet-1962x2048.jpg 1962w, https:\/\/vichy-encheres.com\/wp-content\/uploads\/2023\/11\/portrait-expert-raffin-jean-francois-2019\u00a9cdarbelet-1568x1637.jpg 1568w, https:\/\/vichy-encheres.com\/wp-content\/uploads\/2023\/11\/portrait-expert-raffin-jean-francois-2019\u00a9cdarbelet-96x100.jpg 96w\" sizes=\"auto, (max-width: 981px) 100vw, 981px\" \/><\/a><figcaption class=\"wp-element-caption\">Jean-Fran\u00e7ois Raffin<\/figcaption><\/figure>\n\n\n\n<figure class=\"wp-block-image size-large\"><a href=\"https:\/\/vichy-encheres.com\/wp-content\/uploads\/2023\/11\/03-jf-raffin-filtage-1970-atelier-hilaire-apparut.jpg\"><img loading=\"lazy\" decoding=\"async\" width=\"750\" height=\"735\" data-id=\"23140\" src=\"https:\/\/vichy-encheres.com\/wp-content\/uploads\/2023\/11\/03-jf-raffin-filtage-1970-atelier-hilaire-apparut.jpg\" alt=\"Jean-Fran\u00e7ois Raffin en plein filtage, 1970, atelier Hilaire-Apparut\" class=\"wp-image-23140\" srcset=\"https:\/\/vichy-encheres.com\/wp-content\/uploads\/2023\/11\/03-jf-raffin-filtage-1970-atelier-hilaire-apparut.jpg 750w, https:\/\/vichy-encheres.com\/wp-content\/uploads\/2023\/11\/03-jf-raffin-filtage-1970-atelier-hilaire-apparut-300x294.jpg 300w, https:\/\/vichy-encheres.com\/wp-content\/uploads\/2023\/11\/03-jf-raffin-filtage-1970-atelier-hilaire-apparut-100x98.jpg 100w\" sizes=\"auto, (max-width: 750px) 100vw, 750px\" \/><\/a><figcaption class=\"wp-element-caption\">Jean-Fran\u00e7ois Raffin en plein filtage, 1970, atelier Hilaire-Apparut<\/figcaption><\/figure>\n<\/figure>\n\n\n\n<div style=\"height:30px\" aria-hidden=\"true\" class=\"wp-block-spacer\"><\/div>\n\n\n\n<div class=\"wp-block-columns is-layout-flex wp-container-core-columns-is-layout-9d6595d7 wp-block-columns-is-layout-flex\">\n<div class=\"wp-block-column is-layout-flow wp-block-column-is-layout-flow\">\n<p>C\u2019est \u00e0 Mirecourt, dans l\u2019atelier Apparut et Hilaire, que Jean-Fran\u00e7ois Raffin se forme d\u2019abord \u00e0 la lutherie sous la direction de Jean Eulry. Apr\u00e8s un passage \u00e0 Paris dans l\u2019atelier d\u2019Etienne Vatelot, il rejoint en 1972 celui de Bernard Millant. Il y d\u00e9couvre l\u2019arch\u00e8terie et s\u2019y forme durant pr\u00e8s de dix-sept ans. Au sein de l\u2019atelier, l\u2019examen des archets, leur comparaison et leur m\u00e9morisation sont au c\u0153ur du travail. Ces pratiques et m\u00e9thodes resteront \u00e0 la base de toute son activit\u00e9. <\/p>\n<\/div>\n\n\n\n<div class=\"wp-block-column is-layout-flow wp-block-column-is-layout-flow\">\n<p>En effet, ce travail d\u2019expertise se poursuivra par la suite dans son propre atelier, puis au sein du cabinet qu\u2019il fonde avec Sylvain Bigot et Yannick Le Canu. Parall\u00e8lement, Jean-Fran\u00e7ois Raffin transmet son savoir-faire \u00e0 de nombreux \u00e9l\u00e8ves et collaborateurs, en France comme \u00e0 l\u2019\u00e9tranger. Parmi eux, Sylvain Bigot, aujourd\u2019hui expert aux ventes de Vichy aux c\u00f4t\u00e9s de Yannick Le Canu.<\/p>\n<\/div>\n<\/div>\n\n\n\n<div style=\"height:100px\" aria-hidden=\"true\" class=\"wp-block-spacer\"><\/div>\n\n\n\n<h1 class=\"wp-block-heading\">De la fabrication \u00e0 l\u2019expertise<\/h1>\n\n\n\n<div style=\"height:100px\" aria-hidden=\"true\" class=\"wp-block-spacer\"><\/div>\n\n\n\n<div class=\"wp-block-columns are-vertically-aligned-center is-layout-flex wp-container-core-columns-is-layout-9d6595d7 wp-block-columns-is-layout-flex\">\n<div class=\"wp-block-column is-vertically-aligned-center is-layout-flow wp-block-column-is-layout-flow\">\n<figure class=\"wp-block-gallery has-nested-images columns-default is-cropped wp-block-gallery-11 is-layout-flex wp-block-gallery-is-layout-flex\">\n<figure class=\"wp-block-image size-large\"><a href=\"https:\/\/vichy-encheres.com\/wp-content\/uploads\/2023\/11\/11-table-honneur-remise-prix-couronne-francaise-archives-privees.jpg\"><img loading=\"lazy\" decoding=\"async\" width=\"651\" height=\"486\" data-id=\"23100\" src=\"https:\/\/vichy-encheres.com\/wp-content\/uploads\/2023\/11\/11-table-honneur-remise-prix-couronne-francaise-archives-privees.jpg\" alt=\"A la table d'honneur, soir\u00e9e de remise du prix de la Couronne fran\u00e7aise, archives Raffin\" class=\"wp-image-23100\" srcset=\"https:\/\/vichy-encheres.com\/wp-content\/uploads\/2023\/11\/11-table-honneur-remise-prix-couronne-francaise-archives-privees.jpg 651w, https:\/\/vichy-encheres.com\/wp-content\/uploads\/2023\/11\/11-table-honneur-remise-prix-couronne-francaise-archives-privees-300x224.jpg 300w, https:\/\/vichy-encheres.com\/wp-content\/uploads\/2023\/11\/11-table-honneur-remise-prix-couronne-francaise-archives-privees-100x75.jpg 100w\" sizes=\"auto, (max-width: 651px) 100vw, 651px\" \/><\/a><\/figure>\n<figcaption class=\"blocks-gallery-caption wp-element-caption\">A la table d&#8217;honneur, soir\u00e9e de remise du prix de la Couronne fran\u00e7aise, archives Raffin<\/figcaption><\/figure>\n<\/div>\n\n\n\n<div class=\"wp-block-column is-vertically-aligned-center is-layout-flow wp-block-column-is-layout-flow\">\n<p>Form\u00e9 d\u2019abord comme luthier puis comme archetier, Jean-Fran\u00e7ois Raffin s\u2019impose rapidement par la qualit\u00e9 de son travail. Distingu\u00e9 par une m\u00e9daille d\u2019argent au concours des Meilleurs Ouvriers de France en 1979, ses archets sont adopt\u00e9s par de nombreux musiciens.<\/p>\n\n\n\n<p>Progressivement, son activit\u00e9 se recentre sur l\u2019expertise. \u00c0 partir des ann\u00e9es 1990, celle-ci prend une place centrale, tant en France qu\u2019\u00e0 l\u2019international. Son travail, fond\u00e9 sur l\u2019\u00e9tude des mod\u00e8les et la connaissance des \u00e9coles, s\u2019impose comme une r\u00e9f\u00e9rence.<\/p>\n\n\n\n<p>La r\u00e9daction de <em>L\u2019Archet<\/em>, entreprise avec Bernard Millant, contribue \u00e0 structurer et diffuser ses connaissances. Publi\u00e9 en plusieurs volumes, cet ouvrage reste aujourd\u2019hui un outil essentiel pour l\u2019\u00e9tude de l\u2019arch\u00e8terie fran\u00e7aise.<\/p>\n\n\n\n<div style=\"height:30px\" aria-hidden=\"true\" class=\"wp-block-spacer\"><\/div>\n\n\n\n<div class=\"wp-block-buttons is-layout-flex wp-block-buttons-is-layout-flex\">\n<div class=\"wp-block-button is-style-fill\"><a class=\"wp-block-button__link wp-element-button\" href=\"https:\/\/vichy-encheres.com\/2023\/11\/13\/jean-francois-raffin\/\" target=\"_blank\" rel=\"noreferrer noopener\"><strong>Pour plus d\u2019informations sur Jean-Fran\u00e7ois Raffin, consultez notre article<\/strong><\/a><\/div>\n<\/div>\n<\/div>\n<\/div>\n\n\n\n<div style=\"height:100px\" aria-hidden=\"true\" class=\"wp-block-spacer\"><\/div>\n\n\n\n<h1 class=\"wp-block-heading\">Une collection de travail<\/h1>\n\n\n\n<div style=\"height:100px\" aria-hidden=\"true\" class=\"wp-block-spacer\"><\/div>\n\n\n\n<div class=\"wp-block-columns are-vertically-aligned-center is-layout-flex wp-container-core-columns-is-layout-9d6595d7 wp-block-columns-is-layout-flex\">\n<div class=\"wp-block-column is-vertically-aligned-center is-layout-flow wp-block-column-is-layout-flow\">\n<p>L\u2019ensemble ici pr\u00e9sent\u00e9 a \u00e9t\u00e9 form\u00e9 au fil des ann\u00e9es, comme un prolongement direct de son activit\u00e9. Elle r\u00e9unit des archets conserv\u00e9s pour la qualit\u00e9 de leur mod\u00e8le, leur \u00e9tat et l\u2019int\u00e9r\u00eat qu\u2019ils pr\u00e9sentaient pour l\u2019\u00e9tude, ainsi que pour leur place dans l\u2019histoire de l\u2019arch\u00e8terie.<\/p>\n\n\n\n<p>Jean-Fran\u00e7ois Raffin s\u2019en servait comme points de comparaison dans le travail d\u2019identification, mais aussi comme supports d\u2019enseignement. Ces archets lui ont servi de r\u00e9f\u00e9rences dans son travail d\u2019expertise et ont \u00e9galement \u00e9t\u00e9 utilis\u00e9s dans la formation de ceux qui ont travaill\u00e9 aupr\u00e8s de lui.<\/p>\n\n\n\n<p>L\u2019ensemble couvre une large p\u00e9riode de l\u2019arch\u00e8terie fran\u00e7aise, du XVIII\u00e8me au XX\u00e8me si\u00e8cle, et rassemble des archets de figures majeures. On y trouve notamment des instruments de la famille Tourte, dont une baguette de Fran\u00e7ois-Xavier Tourte, vers 1825, ou encore un archet de Nicolas Pierre Tourte du XVIII\u00e8me si\u00e8cle, t\u00e9moignant des origines de l\u2019archet moderne.<\/p>\n\n\n\n<p>Le XIX\u00e8me si\u00e8cle est repr\u00e9sent\u00e9 par des figures majeures comme Peccatte, Pajeot, Maline ou Bazin, avec plusieurs archets en bon ou tr\u00e8s bon \u00e9tat, caract\u00e9ristiques de leur facture. Enfin, le XX\u00e8me si\u00e8cle est \u00e9galement repr\u00e9sent\u00e9 par des ma\u00eetres incontournables, comme Sartory, Ouchard, Morizot ou Thomassin &#8211; dont le travail prolonge la grande \u00e9cole fran\u00e7aise d\u2019archeterie.<\/p>\n<\/div>\n\n\n\n<div class=\"wp-block-column is-vertically-aligned-center is-layout-flow wp-block-column-is-layout-flow\">\n<figure class=\"wp-block-gallery has-nested-images columns-default is-cropped wp-block-gallery-12 is-layout-flex wp-block-gallery-is-layout-flex\">\n<figure class=\"wp-block-image size-large\"><a href=\"https:\/\/vichy-encheres.com\/wp-content\/uploads\/2026\/04\/2026-05-04-quatuor-collection-raffin-couv-2x3-1-scaled.jpg\"><img loading=\"lazy\" decoding=\"async\" width=\"1919\" height=\"2560\" data-id=\"32621\" src=\"https:\/\/vichy-encheres.com\/wp-content\/uploads\/2026\/04\/2026-05-04-quatuor-collection-raffin-couv-2x3-1-edited-scaled.jpg\" alt=\"Collection Jean-Fran\u00e7ois Raffin Mise en vente par Vichy Ench\u00e8res le 4 juin 2026\" class=\"wp-image-32621\" srcset=\"https:\/\/vichy-encheres.com\/wp-content\/uploads\/2026\/04\/2026-05-04-quatuor-collection-raffin-couv-2x3-1-edited-scaled.jpg 1919w, https:\/\/vichy-encheres.com\/wp-content\/uploads\/2026\/04\/2026-05-04-quatuor-collection-raffin-couv-2x3-1-edited-225x300.jpg 225w, https:\/\/vichy-encheres.com\/wp-content\/uploads\/2026\/04\/2026-05-04-quatuor-collection-raffin-couv-2x3-1-edited-768x1025.jpg 768w, https:\/\/vichy-encheres.com\/wp-content\/uploads\/2026\/04\/2026-05-04-quatuor-collection-raffin-couv-2x3-1-edited-1151x1536.jpg 1151w, https:\/\/vichy-encheres.com\/wp-content\/uploads\/2026\/04\/2026-05-04-quatuor-collection-raffin-couv-2x3-1-edited-1535x2048.jpg 1535w, https:\/\/vichy-encheres.com\/wp-content\/uploads\/2026\/04\/2026-05-04-quatuor-collection-raffin-couv-2x3-1-edited-1568x2092.jpg 1568w, https:\/\/vichy-encheres.com\/wp-content\/uploads\/2026\/04\/2026-05-04-quatuor-collection-raffin-couv-2x3-1-edited-75x100.jpg 75w\" sizes=\"auto, (max-width: 1919px) 100vw, 1919px\" \/><\/a><figcaption class=\"wp-element-caption\">Collection Jean-Fran\u00e7ois Raffin <br>Mise en vente par Vichy Ench\u00e8res le 4 juin 2026<\/figcaption><\/figure>\n<\/figure>\n<\/div>\n<\/div>\n\n\n\n<figure class=\"wp-block-gallery has-nested-images columns-4 is-cropped wp-block-gallery-13 is-layout-flex wp-block-gallery-is-layout-flex\">\n<figure class=\"wp-block-image size-large\"><a href=\"https:\/\/vichy-encheres.com\/wp-content\/uploads\/2026\/04\/2026-05-04-quatuor-collection-raffin-lot11-4266-44-archet-violon-maline-nicolas-1-scaled.jpg\"><img loading=\"lazy\" decoding=\"async\" width=\"1024\" height=\"576\" data-id=\"32540\" src=\"https:\/\/vichy-encheres.com\/wp-content\/uploads\/2026\/04\/2026-05-04-quatuor-collection-raffin-lot11-4266-44-archet-violon-maline-nicolas-1-1024x576.jpg\" alt=\"Archet de violon de Nicolas MALINE Collection Jean-Fran\u00e7ois RAFFIN Archet mis en vente par Vichy Ench\u00e8res le 4 juin 2026 \u00a9 Vichy Ench\u00e8res\/ Photo C. Darbelet\" class=\"wp-image-32540\" srcset=\"https:\/\/vichy-encheres.com\/wp-content\/uploads\/2026\/04\/2026-05-04-quatuor-collection-raffin-lot11-4266-44-archet-violon-maline-nicolas-1-1024x576.jpg 1024w, https:\/\/vichy-encheres.com\/wp-content\/uploads\/2026\/04\/2026-05-04-quatuor-collection-raffin-lot11-4266-44-archet-violon-maline-nicolas-1-300x169.jpg 300w, https:\/\/vichy-encheres.com\/wp-content\/uploads\/2026\/04\/2026-05-04-quatuor-collection-raffin-lot11-4266-44-archet-violon-maline-nicolas-1-768x432.jpg 768w, https:\/\/vichy-encheres.com\/wp-content\/uploads\/2026\/04\/2026-05-04-quatuor-collection-raffin-lot11-4266-44-archet-violon-maline-nicolas-1-1536x864.jpg 1536w, https:\/\/vichy-encheres.com\/wp-content\/uploads\/2026\/04\/2026-05-04-quatuor-collection-raffin-lot11-4266-44-archet-violon-maline-nicolas-1-2048x1152.jpg 2048w, https:\/\/vichy-encheres.com\/wp-content\/uploads\/2026\/04\/2026-05-04-quatuor-collection-raffin-lot11-4266-44-archet-violon-maline-nicolas-1-1568x882.jpg 1568w, https:\/\/vichy-encheres.com\/wp-content\/uploads\/2026\/04\/2026-05-04-quatuor-collection-raffin-lot11-4266-44-archet-violon-maline-nicolas-1-100x56.jpg 100w\" sizes=\"auto, (max-width: 1024px) 100vw, 1024px\" \/><\/a><\/figure>\n\n\n\n<figure class=\"wp-block-image size-large\"><a href=\"https:\/\/vichy-encheres.com\/wp-content\/uploads\/2026\/04\/2026-05-04-quatuor-collection-raffin-lot11-4266-44-archet-violon-maline-nicolas-2-scaled.jpg\"><img loading=\"lazy\" decoding=\"async\" width=\"1024\" height=\"576\" data-id=\"32542\" src=\"https:\/\/vichy-encheres.com\/wp-content\/uploads\/2026\/04\/2026-05-04-quatuor-collection-raffin-lot11-4266-44-archet-violon-maline-nicolas-2-1024x576.jpg\" alt=\"Archet de violon de Nicolas MALINE Collection Jean-Fran\u00e7ois RAFFIN Archet mis en vente par Vichy Ench\u00e8res le 4 juin 2026 \u00a9 Vichy Ench\u00e8res\/ Photo C. Darbelet\" class=\"wp-image-32542\" srcset=\"https:\/\/vichy-encheres.com\/wp-content\/uploads\/2026\/04\/2026-05-04-quatuor-collection-raffin-lot11-4266-44-archet-violon-maline-nicolas-2-1024x576.jpg 1024w, https:\/\/vichy-encheres.com\/wp-content\/uploads\/2026\/04\/2026-05-04-quatuor-collection-raffin-lot11-4266-44-archet-violon-maline-nicolas-2-300x169.jpg 300w, https:\/\/vichy-encheres.com\/wp-content\/uploads\/2026\/04\/2026-05-04-quatuor-collection-raffin-lot11-4266-44-archet-violon-maline-nicolas-2-768x432.jpg 768w, https:\/\/vichy-encheres.com\/wp-content\/uploads\/2026\/04\/2026-05-04-quatuor-collection-raffin-lot11-4266-44-archet-violon-maline-nicolas-2-1536x864.jpg 1536w, https:\/\/vichy-encheres.com\/wp-content\/uploads\/2026\/04\/2026-05-04-quatuor-collection-raffin-lot11-4266-44-archet-violon-maline-nicolas-2-2048x1152.jpg 2048w, https:\/\/vichy-encheres.com\/wp-content\/uploads\/2026\/04\/2026-05-04-quatuor-collection-raffin-lot11-4266-44-archet-violon-maline-nicolas-2-1568x882.jpg 1568w, https:\/\/vichy-encheres.com\/wp-content\/uploads\/2026\/04\/2026-05-04-quatuor-collection-raffin-lot11-4266-44-archet-violon-maline-nicolas-2-100x56.jpg 100w\" sizes=\"auto, (max-width: 1024px) 100vw, 1024px\" \/><\/a><\/figure>\n\n\n\n<figure class=\"wp-block-image size-large\"><a href=\"https:\/\/vichy-encheres.com\/wp-content\/uploads\/2026\/04\/2026-05-04-quatuor-collection-raffin-lot11-4266-44-archet-violon-maline-nicolas-10-scaled.jpg\"><img loading=\"lazy\" decoding=\"async\" width=\"1024\" height=\"576\" data-id=\"32544\" src=\"https:\/\/vichy-encheres.com\/wp-content\/uploads\/2026\/04\/2026-05-04-quatuor-collection-raffin-lot11-4266-44-archet-violon-maline-nicolas-10-1024x576.jpg\" alt=\"Archet de violon de Nicolas MALINE Collection Jean-Fran\u00e7ois RAFFIN Archet mis en vente par Vichy Ench\u00e8res le 4 juin 2026 \u00a9 Vichy Ench\u00e8res\/ Photo C. Darbelet\" class=\"wp-image-32544\" srcset=\"https:\/\/vichy-encheres.com\/wp-content\/uploads\/2026\/04\/2026-05-04-quatuor-collection-raffin-lot11-4266-44-archet-violon-maline-nicolas-10-1024x576.jpg 1024w, https:\/\/vichy-encheres.com\/wp-content\/uploads\/2026\/04\/2026-05-04-quatuor-collection-raffin-lot11-4266-44-archet-violon-maline-nicolas-10-300x169.jpg 300w, https:\/\/vichy-encheres.com\/wp-content\/uploads\/2026\/04\/2026-05-04-quatuor-collection-raffin-lot11-4266-44-archet-violon-maline-nicolas-10-768x432.jpg 768w, https:\/\/vichy-encheres.com\/wp-content\/uploads\/2026\/04\/2026-05-04-quatuor-collection-raffin-lot11-4266-44-archet-violon-maline-nicolas-10-1536x864.jpg 1536w, https:\/\/vichy-encheres.com\/wp-content\/uploads\/2026\/04\/2026-05-04-quatuor-collection-raffin-lot11-4266-44-archet-violon-maline-nicolas-10-2048x1152.jpg 2048w, https:\/\/vichy-encheres.com\/wp-content\/uploads\/2026\/04\/2026-05-04-quatuor-collection-raffin-lot11-4266-44-archet-violon-maline-nicolas-10-1568x882.jpg 1568w, https:\/\/vichy-encheres.com\/wp-content\/uploads\/2026\/04\/2026-05-04-quatuor-collection-raffin-lot11-4266-44-archet-violon-maline-nicolas-10-100x56.jpg 100w\" sizes=\"auto, (max-width: 1024px) 100vw, 1024px\" \/><\/a><\/figure>\n\n\n\n<figure class=\"wp-block-image size-large\"><a href=\"https:\/\/vichy-encheres.com\/wp-content\/uploads\/2026\/04\/2026-05-04-quatuor-collection-raffin-lot11-4266-44-archet-violon-maline-nicolas-11-scaled.jpg\"><img loading=\"lazy\" decoding=\"async\" width=\"1024\" height=\"576\" data-id=\"32546\" src=\"https:\/\/vichy-encheres.com\/wp-content\/uploads\/2026\/04\/2026-05-04-quatuor-collection-raffin-lot11-4266-44-archet-violon-maline-nicolas-11-1024x576.jpg\" alt=\"Archet de violon de Nicolas MALINE Collection Jean-Fran\u00e7ois RAFFIN Archet mis en vente par Vichy Ench\u00e8res le 4 juin 2026 \u00a9 Vichy Ench\u00e8res\/ Photo C. Darbelet\" class=\"wp-image-32546\" srcset=\"https:\/\/vichy-encheres.com\/wp-content\/uploads\/2026\/04\/2026-05-04-quatuor-collection-raffin-lot11-4266-44-archet-violon-maline-nicolas-11-1024x576.jpg 1024w, https:\/\/vichy-encheres.com\/wp-content\/uploads\/2026\/04\/2026-05-04-quatuor-collection-raffin-lot11-4266-44-archet-violon-maline-nicolas-11-300x169.jpg 300w, https:\/\/vichy-encheres.com\/wp-content\/uploads\/2026\/04\/2026-05-04-quatuor-collection-raffin-lot11-4266-44-archet-violon-maline-nicolas-11-768x432.jpg 768w, https:\/\/vichy-encheres.com\/wp-content\/uploads\/2026\/04\/2026-05-04-quatuor-collection-raffin-lot11-4266-44-archet-violon-maline-nicolas-11-1536x864.jpg 1536w, https:\/\/vichy-encheres.com\/wp-content\/uploads\/2026\/04\/2026-05-04-quatuor-collection-raffin-lot11-4266-44-archet-violon-maline-nicolas-11-2048x1152.jpg 2048w, https:\/\/vichy-encheres.com\/wp-content\/uploads\/2026\/04\/2026-05-04-quatuor-collection-raffin-lot11-4266-44-archet-violon-maline-nicolas-11-1568x882.jpg 1568w, https:\/\/vichy-encheres.com\/wp-content\/uploads\/2026\/04\/2026-05-04-quatuor-collection-raffin-lot11-4266-44-archet-violon-maline-nicolas-11-100x56.jpg 100w\" sizes=\"auto, (max-width: 1024px) 100vw, 1024px\" \/><\/a><\/figure>\n<figcaption class=\"blocks-gallery-caption wp-element-caption\">Archet de violon de Nicolas MALINE &#8211; Collection Jean-Fran\u00e7ois RAFFIN &#8211; Archet mis en vente par Vichy Ench\u00e8res le 4 juin 2026 &#8211; \u00a9 Vichy Ench\u00e8res\/ Photo C. Darbelet<\/figcaption><\/figure>\n\n\n\n<div style=\"height:30px\" aria-hidden=\"true\" class=\"wp-block-spacer\"><\/div>\n\n\n\n<figure class=\"wp-block-gallery has-nested-images columns-4 is-cropped wp-block-gallery-14 is-layout-flex wp-block-gallery-is-layout-flex\">\n<figure class=\"wp-block-image size-large\"><a href=\"https:\/\/vichy-encheres.com\/wp-content\/uploads\/2026\/04\/2026-05-04-quatuor-collection-raffin-lot17-4266-36-archet-violon-7-8-tourte-nicolas-1-scaled.jpg\"><img loading=\"lazy\" decoding=\"async\" width=\"1024\" height=\"576\" data-id=\"32548\" src=\"https:\/\/vichy-encheres.com\/wp-content\/uploads\/2026\/04\/2026-05-04-quatuor-collection-raffin-lot17-4266-36-archet-violon-7-8-tourte-nicolas-1-1024x576.jpg\" alt=\"Archet de violon de Nicolas Pierre TOURTE Collection Jean-Fran\u00e7ois RAFFIN Archet mis en vente par Vichy Ench\u00e8res le 4 juin 2026 \u00a9 Vichy Ench\u00e8res\/ Photo C. Darbelet\" class=\"wp-image-32548\" srcset=\"https:\/\/vichy-encheres.com\/wp-content\/uploads\/2026\/04\/2026-05-04-quatuor-collection-raffin-lot17-4266-36-archet-violon-7-8-tourte-nicolas-1-1024x576.jpg 1024w, https:\/\/vichy-encheres.com\/wp-content\/uploads\/2026\/04\/2026-05-04-quatuor-collection-raffin-lot17-4266-36-archet-violon-7-8-tourte-nicolas-1-300x169.jpg 300w, https:\/\/vichy-encheres.com\/wp-content\/uploads\/2026\/04\/2026-05-04-quatuor-collection-raffin-lot17-4266-36-archet-violon-7-8-tourte-nicolas-1-768x432.jpg 768w, https:\/\/vichy-encheres.com\/wp-content\/uploads\/2026\/04\/2026-05-04-quatuor-collection-raffin-lot17-4266-36-archet-violon-7-8-tourte-nicolas-1-1536x864.jpg 1536w, https:\/\/vichy-encheres.com\/wp-content\/uploads\/2026\/04\/2026-05-04-quatuor-collection-raffin-lot17-4266-36-archet-violon-7-8-tourte-nicolas-1-2048x1152.jpg 2048w, https:\/\/vichy-encheres.com\/wp-content\/uploads\/2026\/04\/2026-05-04-quatuor-collection-raffin-lot17-4266-36-archet-violon-7-8-tourte-nicolas-1-1568x882.jpg 1568w, https:\/\/vichy-encheres.com\/wp-content\/uploads\/2026\/04\/2026-05-04-quatuor-collection-raffin-lot17-4266-36-archet-violon-7-8-tourte-nicolas-1-100x56.jpg 100w\" sizes=\"auto, (max-width: 1024px) 100vw, 1024px\" \/><\/a><\/figure>\n\n\n\n<figure class=\"wp-block-image size-large\"><a href=\"https:\/\/vichy-encheres.com\/wp-content\/uploads\/2026\/04\/2026-05-04-quatuor-collection-raffin-lot17-4266-36-archet-violon-7-8-tourte-nicolas-2-scaled.jpg\"><img loading=\"lazy\" decoding=\"async\" width=\"1024\" height=\"576\" data-id=\"32550\" src=\"https:\/\/vichy-encheres.com\/wp-content\/uploads\/2026\/04\/2026-05-04-quatuor-collection-raffin-lot17-4266-36-archet-violon-7-8-tourte-nicolas-2-1024x576.jpg\" alt=\"Archet de violon de Nicolas Pierre TOURTE Collection Jean-Fran\u00e7ois RAFFIN Archet mis en vente par Vichy Ench\u00e8res le 4 juin 2026 \u00a9 Vichy Ench\u00e8res\/ Photo C. Darbelet\" class=\"wp-image-32550\" srcset=\"https:\/\/vichy-encheres.com\/wp-content\/uploads\/2026\/04\/2026-05-04-quatuor-collection-raffin-lot17-4266-36-archet-violon-7-8-tourte-nicolas-2-1024x576.jpg 1024w, https:\/\/vichy-encheres.com\/wp-content\/uploads\/2026\/04\/2026-05-04-quatuor-collection-raffin-lot17-4266-36-archet-violon-7-8-tourte-nicolas-2-300x169.jpg 300w, https:\/\/vichy-encheres.com\/wp-content\/uploads\/2026\/04\/2026-05-04-quatuor-collection-raffin-lot17-4266-36-archet-violon-7-8-tourte-nicolas-2-768x432.jpg 768w, https:\/\/vichy-encheres.com\/wp-content\/uploads\/2026\/04\/2026-05-04-quatuor-collection-raffin-lot17-4266-36-archet-violon-7-8-tourte-nicolas-2-1536x864.jpg 1536w, https:\/\/vichy-encheres.com\/wp-content\/uploads\/2026\/04\/2026-05-04-quatuor-collection-raffin-lot17-4266-36-archet-violon-7-8-tourte-nicolas-2-2048x1152.jpg 2048w, https:\/\/vichy-encheres.com\/wp-content\/uploads\/2026\/04\/2026-05-04-quatuor-collection-raffin-lot17-4266-36-archet-violon-7-8-tourte-nicolas-2-1568x882.jpg 1568w, https:\/\/vichy-encheres.com\/wp-content\/uploads\/2026\/04\/2026-05-04-quatuor-collection-raffin-lot17-4266-36-archet-violon-7-8-tourte-nicolas-2-100x56.jpg 100w\" sizes=\"auto, (max-width: 1024px) 100vw, 1024px\" \/><\/a><\/figure>\n\n\n\n<figure class=\"wp-block-image size-large\"><a href=\"https:\/\/vichy-encheres.com\/wp-content\/uploads\/2026\/04\/2026-05-04-quatuor-collection-raffin-lot17-4266-36-archet-violon-7-8-tourte-nicolas-10-scaled.jpg\"><img loading=\"lazy\" decoding=\"async\" width=\"1024\" height=\"576\" data-id=\"32552\" src=\"https:\/\/vichy-encheres.com\/wp-content\/uploads\/2026\/04\/2026-05-04-quatuor-collection-raffin-lot17-4266-36-archet-violon-7-8-tourte-nicolas-10-1024x576.jpg\" alt=\"Archet de violon de Nicolas Pierre TOURTE Collection Jean-Fran\u00e7ois RAFFIN Archet mis en vente par Vichy Ench\u00e8res le 4 juin 2026 \u00a9 Vichy Ench\u00e8res\/ Photo C. Darbelet\" class=\"wp-image-32552\" srcset=\"https:\/\/vichy-encheres.com\/wp-content\/uploads\/2026\/04\/2026-05-04-quatuor-collection-raffin-lot17-4266-36-archet-violon-7-8-tourte-nicolas-10-1024x576.jpg 1024w, https:\/\/vichy-encheres.com\/wp-content\/uploads\/2026\/04\/2026-05-04-quatuor-collection-raffin-lot17-4266-36-archet-violon-7-8-tourte-nicolas-10-300x169.jpg 300w, https:\/\/vichy-encheres.com\/wp-content\/uploads\/2026\/04\/2026-05-04-quatuor-collection-raffin-lot17-4266-36-archet-violon-7-8-tourte-nicolas-10-768x432.jpg 768w, https:\/\/vichy-encheres.com\/wp-content\/uploads\/2026\/04\/2026-05-04-quatuor-collection-raffin-lot17-4266-36-archet-violon-7-8-tourte-nicolas-10-1536x864.jpg 1536w, https:\/\/vichy-encheres.com\/wp-content\/uploads\/2026\/04\/2026-05-04-quatuor-collection-raffin-lot17-4266-36-archet-violon-7-8-tourte-nicolas-10-2048x1152.jpg 2048w, https:\/\/vichy-encheres.com\/wp-content\/uploads\/2026\/04\/2026-05-04-quatuor-collection-raffin-lot17-4266-36-archet-violon-7-8-tourte-nicolas-10-1568x882.jpg 1568w, https:\/\/vichy-encheres.com\/wp-content\/uploads\/2026\/04\/2026-05-04-quatuor-collection-raffin-lot17-4266-36-archet-violon-7-8-tourte-nicolas-10-100x56.jpg 100w\" sizes=\"auto, (max-width: 1024px) 100vw, 1024px\" \/><\/a><\/figure>\n\n\n\n<figure class=\"wp-block-image size-large\"><a href=\"https:\/\/vichy-encheres.com\/wp-content\/uploads\/2026\/04\/2026-05-04-quatuor-collection-raffin-lot17-4266-36-archet-violon-7-8-tourte-nicolas-11-scaled.jpg\"><img loading=\"lazy\" decoding=\"async\" width=\"1024\" height=\"576\" data-id=\"32554\" src=\"https:\/\/vichy-encheres.com\/wp-content\/uploads\/2026\/04\/2026-05-04-quatuor-collection-raffin-lot17-4266-36-archet-violon-7-8-tourte-nicolas-11-1024x576.jpg\" alt=\"Archet de violon de Nicolas Pierre TOURTE Collection Jean-Fran\u00e7ois RAFFIN Archet mis en vente par Vichy Ench\u00e8res le 4 juin 2026 \u00a9 Vichy Ench\u00e8res\/ Photo C. Darbelet\" class=\"wp-image-32554\" srcset=\"https:\/\/vichy-encheres.com\/wp-content\/uploads\/2026\/04\/2026-05-04-quatuor-collection-raffin-lot17-4266-36-archet-violon-7-8-tourte-nicolas-11-1024x576.jpg 1024w, https:\/\/vichy-encheres.com\/wp-content\/uploads\/2026\/04\/2026-05-04-quatuor-collection-raffin-lot17-4266-36-archet-violon-7-8-tourte-nicolas-11-300x169.jpg 300w, https:\/\/vichy-encheres.com\/wp-content\/uploads\/2026\/04\/2026-05-04-quatuor-collection-raffin-lot17-4266-36-archet-violon-7-8-tourte-nicolas-11-768x432.jpg 768w, https:\/\/vichy-encheres.com\/wp-content\/uploads\/2026\/04\/2026-05-04-quatuor-collection-raffin-lot17-4266-36-archet-violon-7-8-tourte-nicolas-11-1536x864.jpg 1536w, https:\/\/vichy-encheres.com\/wp-content\/uploads\/2026\/04\/2026-05-04-quatuor-collection-raffin-lot17-4266-36-archet-violon-7-8-tourte-nicolas-11-2048x1152.jpg 2048w, https:\/\/vichy-encheres.com\/wp-content\/uploads\/2026\/04\/2026-05-04-quatuor-collection-raffin-lot17-4266-36-archet-violon-7-8-tourte-nicolas-11-1568x882.jpg 1568w, https:\/\/vichy-encheres.com\/wp-content\/uploads\/2026\/04\/2026-05-04-quatuor-collection-raffin-lot17-4266-36-archet-violon-7-8-tourte-nicolas-11-100x56.jpg 100w\" sizes=\"auto, (max-width: 1024px) 100vw, 1024px\" \/><\/a><\/figure>\n<figcaption class=\"blocks-gallery-caption wp-element-caption\">Archet de violon de Nicolas Pierre TOURTE &#8211; Collection Jean-Fran\u00e7ois RAFFIN &#8211; Archet mis en vente par Vichy Ench\u00e8res le 4 juin 2026 &#8211; \u00a9 Vichy Ench\u00e8res\/ Photo C. Darbelet<\/figcaption><\/figure>\n\n\n\n<div style=\"height:30px\" aria-hidden=\"true\" class=\"wp-block-spacer\"><\/div>\n\n\n\n<figure class=\"wp-block-gallery has-nested-images columns-4 is-cropped wp-block-gallery-15 is-layout-flex wp-block-gallery-is-layout-flex\">\n<figure class=\"wp-block-image size-large\"><a href=\"https:\/\/vichy-encheres.com\/wp-content\/uploads\/2026\/04\/2026-05-04-quatuor-collection-raffin-lot33-4266-60-archet-violon-peccatte-francois-1-scaled.jpg\"><img loading=\"lazy\" decoding=\"async\" width=\"1024\" height=\"576\" data-id=\"32556\" src=\"https:\/\/vichy-encheres.com\/wp-content\/uploads\/2026\/04\/2026-05-04-quatuor-collection-raffin-lot33-4266-60-archet-violon-peccatte-francois-1-1024x576.jpg\" alt=\"Archet de violon de Fran\u00e7ois PECCATTE Collection Jean-Fran\u00e7ois RAFFIN Archet mis en vente par Vichy Ench\u00e8res le 4 juin 2026 \u00a9 Vichy Ench\u00e8res\/ Photo C. Darbelet\" class=\"wp-image-32556\" srcset=\"https:\/\/vichy-encheres.com\/wp-content\/uploads\/2026\/04\/2026-05-04-quatuor-collection-raffin-lot33-4266-60-archet-violon-peccatte-francois-1-1024x576.jpg 1024w, https:\/\/vichy-encheres.com\/wp-content\/uploads\/2026\/04\/2026-05-04-quatuor-collection-raffin-lot33-4266-60-archet-violon-peccatte-francois-1-300x169.jpg 300w, https:\/\/vichy-encheres.com\/wp-content\/uploads\/2026\/04\/2026-05-04-quatuor-collection-raffin-lot33-4266-60-archet-violon-peccatte-francois-1-768x432.jpg 768w, https:\/\/vichy-encheres.com\/wp-content\/uploads\/2026\/04\/2026-05-04-quatuor-collection-raffin-lot33-4266-60-archet-violon-peccatte-francois-1-1536x864.jpg 1536w, https:\/\/vichy-encheres.com\/wp-content\/uploads\/2026\/04\/2026-05-04-quatuor-collection-raffin-lot33-4266-60-archet-violon-peccatte-francois-1-2048x1152.jpg 2048w, https:\/\/vichy-encheres.com\/wp-content\/uploads\/2026\/04\/2026-05-04-quatuor-collection-raffin-lot33-4266-60-archet-violon-peccatte-francois-1-1568x882.jpg 1568w, https:\/\/vichy-encheres.com\/wp-content\/uploads\/2026\/04\/2026-05-04-quatuor-collection-raffin-lot33-4266-60-archet-violon-peccatte-francois-1-100x56.jpg 100w\" sizes=\"auto, (max-width: 1024px) 100vw, 1024px\" \/><\/a><\/figure>\n\n\n\n<figure class=\"wp-block-image size-large\"><a href=\"https:\/\/vichy-encheres.com\/wp-content\/uploads\/2026\/04\/2026-05-04-quatuor-collection-raffin-lot33-4266-60-archet-violon-peccatte-francois-2-scaled.jpg\"><img loading=\"lazy\" decoding=\"async\" width=\"1024\" height=\"576\" data-id=\"32558\" src=\"https:\/\/vichy-encheres.com\/wp-content\/uploads\/2026\/04\/2026-05-04-quatuor-collection-raffin-lot33-4266-60-archet-violon-peccatte-francois-2-1024x576.jpg\" alt=\"Archet de violon de Fran\u00e7ois PECCATTE Collection Jean-Fran\u00e7ois RAFFIN Archet mis en vente par Vichy Ench\u00e8res le 4 juin 2026 \u00a9 Vichy Ench\u00e8res\/ Photo C. Darbelet\" class=\"wp-image-32558\" srcset=\"https:\/\/vichy-encheres.com\/wp-content\/uploads\/2026\/04\/2026-05-04-quatuor-collection-raffin-lot33-4266-60-archet-violon-peccatte-francois-2-1024x576.jpg 1024w, https:\/\/vichy-encheres.com\/wp-content\/uploads\/2026\/04\/2026-05-04-quatuor-collection-raffin-lot33-4266-60-archet-violon-peccatte-francois-2-300x169.jpg 300w, https:\/\/vichy-encheres.com\/wp-content\/uploads\/2026\/04\/2026-05-04-quatuor-collection-raffin-lot33-4266-60-archet-violon-peccatte-francois-2-768x432.jpg 768w, https:\/\/vichy-encheres.com\/wp-content\/uploads\/2026\/04\/2026-05-04-quatuor-collection-raffin-lot33-4266-60-archet-violon-peccatte-francois-2-1536x864.jpg 1536w, https:\/\/vichy-encheres.com\/wp-content\/uploads\/2026\/04\/2026-05-04-quatuor-collection-raffin-lot33-4266-60-archet-violon-peccatte-francois-2-2048x1152.jpg 2048w, https:\/\/vichy-encheres.com\/wp-content\/uploads\/2026\/04\/2026-05-04-quatuor-collection-raffin-lot33-4266-60-archet-violon-peccatte-francois-2-1568x882.jpg 1568w, https:\/\/vichy-encheres.com\/wp-content\/uploads\/2026\/04\/2026-05-04-quatuor-collection-raffin-lot33-4266-60-archet-violon-peccatte-francois-2-100x56.jpg 100w\" sizes=\"auto, (max-width: 1024px) 100vw, 1024px\" \/><\/a><\/figure>\n\n\n\n<figure class=\"wp-block-image size-large\"><a href=\"https:\/\/vichy-encheres.com\/wp-content\/uploads\/2026\/04\/2026-05-04-quatuor-collection-raffin-lot33-4266-60-archet-violon-peccatte-francois-10-scaled.jpg\"><img loading=\"lazy\" decoding=\"async\" width=\"1024\" height=\"576\" data-id=\"32560\" src=\"https:\/\/vichy-encheres.com\/wp-content\/uploads\/2026\/04\/2026-05-04-quatuor-collection-raffin-lot33-4266-60-archet-violon-peccatte-francois-10-1024x576.jpg\" alt=\"Archet de violon de Fran\u00e7ois PECCATTE Collection Jean-Fran\u00e7ois RAFFIN Archet mis en vente par Vichy Ench\u00e8res le 4 juin 2026 \u00a9 Vichy Ench\u00e8res\/ Photo C. Darbelet\" class=\"wp-image-32560\" srcset=\"https:\/\/vichy-encheres.com\/wp-content\/uploads\/2026\/04\/2026-05-04-quatuor-collection-raffin-lot33-4266-60-archet-violon-peccatte-francois-10-1024x576.jpg 1024w, https:\/\/vichy-encheres.com\/wp-content\/uploads\/2026\/04\/2026-05-04-quatuor-collection-raffin-lot33-4266-60-archet-violon-peccatte-francois-10-300x169.jpg 300w, https:\/\/vichy-encheres.com\/wp-content\/uploads\/2026\/04\/2026-05-04-quatuor-collection-raffin-lot33-4266-60-archet-violon-peccatte-francois-10-768x432.jpg 768w, https:\/\/vichy-encheres.com\/wp-content\/uploads\/2026\/04\/2026-05-04-quatuor-collection-raffin-lot33-4266-60-archet-violon-peccatte-francois-10-1536x864.jpg 1536w, https:\/\/vichy-encheres.com\/wp-content\/uploads\/2026\/04\/2026-05-04-quatuor-collection-raffin-lot33-4266-60-archet-violon-peccatte-francois-10-2048x1152.jpg 2048w, https:\/\/vichy-encheres.com\/wp-content\/uploads\/2026\/04\/2026-05-04-quatuor-collection-raffin-lot33-4266-60-archet-violon-peccatte-francois-10-1568x882.jpg 1568w, https:\/\/vichy-encheres.com\/wp-content\/uploads\/2026\/04\/2026-05-04-quatuor-collection-raffin-lot33-4266-60-archet-violon-peccatte-francois-10-100x56.jpg 100w\" sizes=\"auto, (max-width: 1024px) 100vw, 1024px\" \/><\/a><\/figure>\n\n\n\n<figure class=\"wp-block-image size-large\"><a href=\"https:\/\/vichy-encheres.com\/wp-content\/uploads\/2026\/04\/2026-05-04-quatuor-collection-raffin-lot33-4266-60-archet-violon-peccatte-francois-11-scaled.jpg\"><img loading=\"lazy\" decoding=\"async\" width=\"1024\" height=\"576\" data-id=\"32562\" src=\"https:\/\/vichy-encheres.com\/wp-content\/uploads\/2026\/04\/2026-05-04-quatuor-collection-raffin-lot33-4266-60-archet-violon-peccatte-francois-11-1024x576.jpg\" alt=\"Archet de violon de Fran\u00e7ois PECCATTE Collection Jean-Fran\u00e7ois RAFFIN Archet mis en vente par Vichy Ench\u00e8res le 4 juin 2026 \u00a9 Vichy Ench\u00e8res\/ Photo C. Darbelet\" class=\"wp-image-32562\" srcset=\"https:\/\/vichy-encheres.com\/wp-content\/uploads\/2026\/04\/2026-05-04-quatuor-collection-raffin-lot33-4266-60-archet-violon-peccatte-francois-11-1024x576.jpg 1024w, https:\/\/vichy-encheres.com\/wp-content\/uploads\/2026\/04\/2026-05-04-quatuor-collection-raffin-lot33-4266-60-archet-violon-peccatte-francois-11-300x169.jpg 300w, https:\/\/vichy-encheres.com\/wp-content\/uploads\/2026\/04\/2026-05-04-quatuor-collection-raffin-lot33-4266-60-archet-violon-peccatte-francois-11-768x432.jpg 768w, https:\/\/vichy-encheres.com\/wp-content\/uploads\/2026\/04\/2026-05-04-quatuor-collection-raffin-lot33-4266-60-archet-violon-peccatte-francois-11-1536x864.jpg 1536w, https:\/\/vichy-encheres.com\/wp-content\/uploads\/2026\/04\/2026-05-04-quatuor-collection-raffin-lot33-4266-60-archet-violon-peccatte-francois-11-2048x1152.jpg 2048w, https:\/\/vichy-encheres.com\/wp-content\/uploads\/2026\/04\/2026-05-04-quatuor-collection-raffin-lot33-4266-60-archet-violon-peccatte-francois-11-1568x882.jpg 1568w, https:\/\/vichy-encheres.com\/wp-content\/uploads\/2026\/04\/2026-05-04-quatuor-collection-raffin-lot33-4266-60-archet-violon-peccatte-francois-11-100x56.jpg 100w\" sizes=\"auto, (max-width: 1024px) 100vw, 1024px\" \/><\/a><\/figure>\n<figcaption class=\"blocks-gallery-caption wp-element-caption\">Archet de violon de Fran\u00e7ois PECCATTE &#8211; Collection Jean-Fran\u00e7ois RAFFIN &#8211; Archet mis en vente par Vichy Ench\u00e8res le 4 juin 2026 &#8211; \u00a9 Vichy Ench\u00e8res\/ Photo C. Darbelet<\/figcaption><\/figure>\n\n\n\n<div style=\"height:30px\" aria-hidden=\"true\" class=\"wp-block-spacer\"><\/div>\n\n\n\n<figure class=\"wp-block-gallery has-nested-images columns-4 is-cropped wp-block-gallery-16 is-layout-flex wp-block-gallery-is-layout-flex\">\n<figure class=\"wp-block-image size-large\"><a href=\"https:\/\/vichy-encheres.com\/wp-content\/uploads\/2026\/04\/2026-05-04-quatuor-collection-raffin-lot39-4266-57-archet-violon-tourte-fx-1-scaled.jpg\"><img loading=\"lazy\" decoding=\"async\" width=\"1024\" height=\"576\" data-id=\"32564\" src=\"https:\/\/vichy-encheres.com\/wp-content\/uploads\/2026\/04\/2026-05-04-quatuor-collection-raffin-lot39-4266-57-archet-violon-tourte-fx-1-1024x576.jpg\" alt=\"Archet de violon de Fran\u00e7ois Xavier TOURTE Collection Jean-Fran\u00e7ois RAFFIN Archet mis en vente par Vichy Ench\u00e8res le 4 juin 2026 \u00a9 Vichy Ench\u00e8res\/ Photo C. Darbelet\" class=\"wp-image-32564\" srcset=\"https:\/\/vichy-encheres.com\/wp-content\/uploads\/2026\/04\/2026-05-04-quatuor-collection-raffin-lot39-4266-57-archet-violon-tourte-fx-1-1024x576.jpg 1024w, https:\/\/vichy-encheres.com\/wp-content\/uploads\/2026\/04\/2026-05-04-quatuor-collection-raffin-lot39-4266-57-archet-violon-tourte-fx-1-300x169.jpg 300w, https:\/\/vichy-encheres.com\/wp-content\/uploads\/2026\/04\/2026-05-04-quatuor-collection-raffin-lot39-4266-57-archet-violon-tourte-fx-1-768x432.jpg 768w, https:\/\/vichy-encheres.com\/wp-content\/uploads\/2026\/04\/2026-05-04-quatuor-collection-raffin-lot39-4266-57-archet-violon-tourte-fx-1-1536x864.jpg 1536w, https:\/\/vichy-encheres.com\/wp-content\/uploads\/2026\/04\/2026-05-04-quatuor-collection-raffin-lot39-4266-57-archet-violon-tourte-fx-1-2048x1152.jpg 2048w, https:\/\/vichy-encheres.com\/wp-content\/uploads\/2026\/04\/2026-05-04-quatuor-collection-raffin-lot39-4266-57-archet-violon-tourte-fx-1-1568x882.jpg 1568w, https:\/\/vichy-encheres.com\/wp-content\/uploads\/2026\/04\/2026-05-04-quatuor-collection-raffin-lot39-4266-57-archet-violon-tourte-fx-1-100x56.jpg 100w\" sizes=\"auto, (max-width: 1024px) 100vw, 1024px\" \/><\/a><\/figure>\n\n\n\n<figure class=\"wp-block-image size-large\"><a href=\"https:\/\/vichy-encheres.com\/wp-content\/uploads\/2026\/04\/2026-05-04-quatuor-collection-raffin-lot39-4266-57-archet-violon-tourte-fx-2-scaled.jpg\"><img loading=\"lazy\" decoding=\"async\" width=\"1024\" height=\"576\" data-id=\"32566\" src=\"https:\/\/vichy-encheres.com\/wp-content\/uploads\/2026\/04\/2026-05-04-quatuor-collection-raffin-lot39-4266-57-archet-violon-tourte-fx-2-1024x576.jpg\" alt=\"Archet de violon de Fran\u00e7ois Xavier TOURTE Collection Jean-Fran\u00e7ois RAFFIN Archet mis en vente par Vichy Ench\u00e8res le 4 juin 2026 \u00a9 Vichy Ench\u00e8res\/ Photo C. Darbelet\" class=\"wp-image-32566\" srcset=\"https:\/\/vichy-encheres.com\/wp-content\/uploads\/2026\/04\/2026-05-04-quatuor-collection-raffin-lot39-4266-57-archet-violon-tourte-fx-2-1024x576.jpg 1024w, https:\/\/vichy-encheres.com\/wp-content\/uploads\/2026\/04\/2026-05-04-quatuor-collection-raffin-lot39-4266-57-archet-violon-tourte-fx-2-300x169.jpg 300w, https:\/\/vichy-encheres.com\/wp-content\/uploads\/2026\/04\/2026-05-04-quatuor-collection-raffin-lot39-4266-57-archet-violon-tourte-fx-2-768x432.jpg 768w, https:\/\/vichy-encheres.com\/wp-content\/uploads\/2026\/04\/2026-05-04-quatuor-collection-raffin-lot39-4266-57-archet-violon-tourte-fx-2-1536x864.jpg 1536w, https:\/\/vichy-encheres.com\/wp-content\/uploads\/2026\/04\/2026-05-04-quatuor-collection-raffin-lot39-4266-57-archet-violon-tourte-fx-2-2048x1152.jpg 2048w, https:\/\/vichy-encheres.com\/wp-content\/uploads\/2026\/04\/2026-05-04-quatuor-collection-raffin-lot39-4266-57-archet-violon-tourte-fx-2-1568x882.jpg 1568w, https:\/\/vichy-encheres.com\/wp-content\/uploads\/2026\/04\/2026-05-04-quatuor-collection-raffin-lot39-4266-57-archet-violon-tourte-fx-2-100x56.jpg 100w\" sizes=\"auto, (max-width: 1024px) 100vw, 1024px\" \/><\/a><\/figure>\n\n\n\n<figure class=\"wp-block-image size-large\"><a href=\"https:\/\/vichy-encheres.com\/wp-content\/uploads\/2026\/04\/2026-05-04-quatuor-collection-raffin-lot39-4266-57-archet-violon-tourte-fx-10-scaled.jpg\"><img loading=\"lazy\" decoding=\"async\" width=\"1024\" height=\"576\" data-id=\"32568\" src=\"https:\/\/vichy-encheres.com\/wp-content\/uploads\/2026\/04\/2026-05-04-quatuor-collection-raffin-lot39-4266-57-archet-violon-tourte-fx-10-1024x576.jpg\" alt=\"Archet de violon de Fran\u00e7ois Xavier TOURTE Collection Jean-Fran\u00e7ois RAFFIN Archet mis en vente par Vichy Ench\u00e8res le 4 juin 2026 \u00a9 Vichy Ench\u00e8res\/ Photo C. Darbelet\" class=\"wp-image-32568\" srcset=\"https:\/\/vichy-encheres.com\/wp-content\/uploads\/2026\/04\/2026-05-04-quatuor-collection-raffin-lot39-4266-57-archet-violon-tourte-fx-10-1024x576.jpg 1024w, https:\/\/vichy-encheres.com\/wp-content\/uploads\/2026\/04\/2026-05-04-quatuor-collection-raffin-lot39-4266-57-archet-violon-tourte-fx-10-300x169.jpg 300w, https:\/\/vichy-encheres.com\/wp-content\/uploads\/2026\/04\/2026-05-04-quatuor-collection-raffin-lot39-4266-57-archet-violon-tourte-fx-10-768x432.jpg 768w, https:\/\/vichy-encheres.com\/wp-content\/uploads\/2026\/04\/2026-05-04-quatuor-collection-raffin-lot39-4266-57-archet-violon-tourte-fx-10-1536x864.jpg 1536w, https:\/\/vichy-encheres.com\/wp-content\/uploads\/2026\/04\/2026-05-04-quatuor-collection-raffin-lot39-4266-57-archet-violon-tourte-fx-10-2048x1152.jpg 2048w, https:\/\/vichy-encheres.com\/wp-content\/uploads\/2026\/04\/2026-05-04-quatuor-collection-raffin-lot39-4266-57-archet-violon-tourte-fx-10-1568x882.jpg 1568w, https:\/\/vichy-encheres.com\/wp-content\/uploads\/2026\/04\/2026-05-04-quatuor-collection-raffin-lot39-4266-57-archet-violon-tourte-fx-10-100x56.jpg 100w\" sizes=\"auto, (max-width: 1024px) 100vw, 1024px\" \/><\/a><\/figure>\n\n\n\n<figure class=\"wp-block-image size-large\"><a href=\"https:\/\/vichy-encheres.com\/wp-content\/uploads\/2026\/04\/2026-05-04-quatuor-collection-raffin-lot39-4266-57-archet-violon-tourte-fx-11-scaled.jpg\"><img loading=\"lazy\" decoding=\"async\" width=\"1024\" height=\"576\" data-id=\"32570\" src=\"https:\/\/vichy-encheres.com\/wp-content\/uploads\/2026\/04\/2026-05-04-quatuor-collection-raffin-lot39-4266-57-archet-violon-tourte-fx-11-1024x576.jpg\" alt=\"Archet de violon de Fran\u00e7ois Xavier TOURTE Collection Jean-Fran\u00e7ois RAFFIN Archet mis en vente par Vichy Ench\u00e8res le 4 juin 2026 \u00a9 Vichy Ench\u00e8res\/ Photo C. Darbelet\" class=\"wp-image-32570\" srcset=\"https:\/\/vichy-encheres.com\/wp-content\/uploads\/2026\/04\/2026-05-04-quatuor-collection-raffin-lot39-4266-57-archet-violon-tourte-fx-11-1024x576.jpg 1024w, https:\/\/vichy-encheres.com\/wp-content\/uploads\/2026\/04\/2026-05-04-quatuor-collection-raffin-lot39-4266-57-archet-violon-tourte-fx-11-300x169.jpg 300w, https:\/\/vichy-encheres.com\/wp-content\/uploads\/2026\/04\/2026-05-04-quatuor-collection-raffin-lot39-4266-57-archet-violon-tourte-fx-11-768x432.jpg 768w, https:\/\/vichy-encheres.com\/wp-content\/uploads\/2026\/04\/2026-05-04-quatuor-collection-raffin-lot39-4266-57-archet-violon-tourte-fx-11-1536x864.jpg 1536w, https:\/\/vichy-encheres.com\/wp-content\/uploads\/2026\/04\/2026-05-04-quatuor-collection-raffin-lot39-4266-57-archet-violon-tourte-fx-11-2048x1152.jpg 2048w, https:\/\/vichy-encheres.com\/wp-content\/uploads\/2026\/04\/2026-05-04-quatuor-collection-raffin-lot39-4266-57-archet-violon-tourte-fx-11-1568x882.jpg 1568w, https:\/\/vichy-encheres.com\/wp-content\/uploads\/2026\/04\/2026-05-04-quatuor-collection-raffin-lot39-4266-57-archet-violon-tourte-fx-11-100x56.jpg 100w\" sizes=\"auto, (max-width: 1024px) 100vw, 1024px\" \/><\/a><\/figure>\n<figcaption class=\"blocks-gallery-caption wp-element-caption\">Archet de violon de Fran\u00e7ois Xavier TOURTE &#8211; Collection Jean-Fran\u00e7ois RAFFIN &#8211; Archet mis en vente par Vichy Ench\u00e8res le 4 juin 2026 &#8211; \u00a9 Vichy Ench\u00e8res\/ Photo C. Darbelet<\/figcaption><\/figure>\n\n\n\n<div style=\"height:30px\" aria-hidden=\"true\" class=\"wp-block-spacer\"><\/div>\n\n\n\n<figure class=\"wp-block-gallery has-nested-images columns-4 is-cropped wp-block-gallery-17 is-layout-flex wp-block-gallery-is-layout-flex\">\n<figure class=\"wp-block-image size-large\"><a href=\"https:\/\/vichy-encheres.com\/wp-content\/uploads\/2026\/04\/2026-05-04-quatuor-collection-raffin-lot45-4266-18-archet-violon-pajeot-etienne-1-scaled.jpg\"><img loading=\"lazy\" decoding=\"async\" width=\"1024\" height=\"576\" data-id=\"32572\" src=\"https:\/\/vichy-encheres.com\/wp-content\/uploads\/2026\/04\/2026-05-04-quatuor-collection-raffin-lot45-4266-18-archet-violon-pajeot-etienne-1-1024x576.jpg\" alt=\"Archet de violon de \u00c9tienne PAJEOT Collection Jean-Fran\u00e7ois RAFFIN Archet mis en vente par Vichy Ench\u00e8res le 4 juin 2026 \u00a9 Vichy Ench\u00e8res\/ Photo C. Darbelet\" class=\"wp-image-32572\" srcset=\"https:\/\/vichy-encheres.com\/wp-content\/uploads\/2026\/04\/2026-05-04-quatuor-collection-raffin-lot45-4266-18-archet-violon-pajeot-etienne-1-1024x576.jpg 1024w, https:\/\/vichy-encheres.com\/wp-content\/uploads\/2026\/04\/2026-05-04-quatuor-collection-raffin-lot45-4266-18-archet-violon-pajeot-etienne-1-300x169.jpg 300w, https:\/\/vichy-encheres.com\/wp-content\/uploads\/2026\/04\/2026-05-04-quatuor-collection-raffin-lot45-4266-18-archet-violon-pajeot-etienne-1-768x432.jpg 768w, https:\/\/vichy-encheres.com\/wp-content\/uploads\/2026\/04\/2026-05-04-quatuor-collection-raffin-lot45-4266-18-archet-violon-pajeot-etienne-1-1536x864.jpg 1536w, https:\/\/vichy-encheres.com\/wp-content\/uploads\/2026\/04\/2026-05-04-quatuor-collection-raffin-lot45-4266-18-archet-violon-pajeot-etienne-1-2048x1152.jpg 2048w, https:\/\/vichy-encheres.com\/wp-content\/uploads\/2026\/04\/2026-05-04-quatuor-collection-raffin-lot45-4266-18-archet-violon-pajeot-etienne-1-1568x882.jpg 1568w, https:\/\/vichy-encheres.com\/wp-content\/uploads\/2026\/04\/2026-05-04-quatuor-collection-raffin-lot45-4266-18-archet-violon-pajeot-etienne-1-100x56.jpg 100w\" sizes=\"auto, (max-width: 1024px) 100vw, 1024px\" \/><\/a><\/figure>\n\n\n\n<figure class=\"wp-block-image size-large\"><a href=\"https:\/\/vichy-encheres.com\/wp-content\/uploads\/2026\/04\/2026-05-04-quatuor-collection-raffin-lot45-4266-18-archet-violon-pajeot-etienne-2-scaled.jpg\"><img loading=\"lazy\" decoding=\"async\" width=\"1024\" height=\"576\" data-id=\"32574\" src=\"https:\/\/vichy-encheres.com\/wp-content\/uploads\/2026\/04\/2026-05-04-quatuor-collection-raffin-lot45-4266-18-archet-violon-pajeot-etienne-2-1024x576.jpg\" alt=\"Archet de violon de \u00c9tienne PAJEOT Collection Jean-Fran\u00e7ois RAFFIN Archet mis en vente par Vichy Ench\u00e8res le 4 juin 2026 \u00a9 Vichy Ench\u00e8res\/ Photo C. Darbelet\" class=\"wp-image-32574\" srcset=\"https:\/\/vichy-encheres.com\/wp-content\/uploads\/2026\/04\/2026-05-04-quatuor-collection-raffin-lot45-4266-18-archet-violon-pajeot-etienne-2-1024x576.jpg 1024w, https:\/\/vichy-encheres.com\/wp-content\/uploads\/2026\/04\/2026-05-04-quatuor-collection-raffin-lot45-4266-18-archet-violon-pajeot-etienne-2-300x169.jpg 300w, https:\/\/vichy-encheres.com\/wp-content\/uploads\/2026\/04\/2026-05-04-quatuor-collection-raffin-lot45-4266-18-archet-violon-pajeot-etienne-2-768x432.jpg 768w, https:\/\/vichy-encheres.com\/wp-content\/uploads\/2026\/04\/2026-05-04-quatuor-collection-raffin-lot45-4266-18-archet-violon-pajeot-etienne-2-1536x864.jpg 1536w, https:\/\/vichy-encheres.com\/wp-content\/uploads\/2026\/04\/2026-05-04-quatuor-collection-raffin-lot45-4266-18-archet-violon-pajeot-etienne-2-2048x1152.jpg 2048w, https:\/\/vichy-encheres.com\/wp-content\/uploads\/2026\/04\/2026-05-04-quatuor-collection-raffin-lot45-4266-18-archet-violon-pajeot-etienne-2-1568x882.jpg 1568w, https:\/\/vichy-encheres.com\/wp-content\/uploads\/2026\/04\/2026-05-04-quatuor-collection-raffin-lot45-4266-18-archet-violon-pajeot-etienne-2-100x56.jpg 100w\" sizes=\"auto, (max-width: 1024px) 100vw, 1024px\" \/><\/a><\/figure>\n\n\n\n<figure class=\"wp-block-image size-large\"><a href=\"https:\/\/vichy-encheres.com\/wp-content\/uploads\/2026\/04\/2026-05-04-quatuor-collection-raffin-lot45-4266-18-archet-violon-pajeot-etienne-10-scaled.jpg\"><img loading=\"lazy\" decoding=\"async\" width=\"1024\" height=\"576\" data-id=\"32576\" src=\"https:\/\/vichy-encheres.com\/wp-content\/uploads\/2026\/04\/2026-05-04-quatuor-collection-raffin-lot45-4266-18-archet-violon-pajeot-etienne-10-1024x576.jpg\" alt=\"Archet de violon de \u00c9tienne PAJEOT Collection Jean-Fran\u00e7ois RAFFIN Archet mis en vente par Vichy Ench\u00e8res le 4 juin 2026 \u00a9 Vichy Ench\u00e8res\/ Photo C. Darbelet\" class=\"wp-image-32576\" srcset=\"https:\/\/vichy-encheres.com\/wp-content\/uploads\/2026\/04\/2026-05-04-quatuor-collection-raffin-lot45-4266-18-archet-violon-pajeot-etienne-10-1024x576.jpg 1024w, https:\/\/vichy-encheres.com\/wp-content\/uploads\/2026\/04\/2026-05-04-quatuor-collection-raffin-lot45-4266-18-archet-violon-pajeot-etienne-10-300x169.jpg 300w, https:\/\/vichy-encheres.com\/wp-content\/uploads\/2026\/04\/2026-05-04-quatuor-collection-raffin-lot45-4266-18-archet-violon-pajeot-etienne-10-768x432.jpg 768w, https:\/\/vichy-encheres.com\/wp-content\/uploads\/2026\/04\/2026-05-04-quatuor-collection-raffin-lot45-4266-18-archet-violon-pajeot-etienne-10-1536x864.jpg 1536w, https:\/\/vichy-encheres.com\/wp-content\/uploads\/2026\/04\/2026-05-04-quatuor-collection-raffin-lot45-4266-18-archet-violon-pajeot-etienne-10-2048x1152.jpg 2048w, https:\/\/vichy-encheres.com\/wp-content\/uploads\/2026\/04\/2026-05-04-quatuor-collection-raffin-lot45-4266-18-archet-violon-pajeot-etienne-10-1568x882.jpg 1568w, https:\/\/vichy-encheres.com\/wp-content\/uploads\/2026\/04\/2026-05-04-quatuor-collection-raffin-lot45-4266-18-archet-violon-pajeot-etienne-10-100x56.jpg 100w\" sizes=\"auto, (max-width: 1024px) 100vw, 1024px\" \/><\/a><\/figure>\n\n\n\n<figure class=\"wp-block-image size-large\"><a href=\"https:\/\/vichy-encheres.com\/wp-content\/uploads\/2026\/04\/2026-05-04-quatuor-collection-raffin-lot45-4266-18-archet-violon-pajeot-etienne-11-scaled.jpg\"><img loading=\"lazy\" decoding=\"async\" width=\"1024\" height=\"576\" data-id=\"32578\" src=\"https:\/\/vichy-encheres.com\/wp-content\/uploads\/2026\/04\/2026-05-04-quatuor-collection-raffin-lot45-4266-18-archet-violon-pajeot-etienne-11-1024x576.jpg\" alt=\"Archet de violon de \u00c9tienne PAJEOT Collection Jean-Fran\u00e7ois RAFFIN Archet mis en vente par Vichy Ench\u00e8res le 4 juin 2026 \u00a9 Vichy Ench\u00e8res\/ Photo C. Darbelet\" class=\"wp-image-32578\" srcset=\"https:\/\/vichy-encheres.com\/wp-content\/uploads\/2026\/04\/2026-05-04-quatuor-collection-raffin-lot45-4266-18-archet-violon-pajeot-etienne-11-1024x576.jpg 1024w, https:\/\/vichy-encheres.com\/wp-content\/uploads\/2026\/04\/2026-05-04-quatuor-collection-raffin-lot45-4266-18-archet-violon-pajeot-etienne-11-300x169.jpg 300w, https:\/\/vichy-encheres.com\/wp-content\/uploads\/2026\/04\/2026-05-04-quatuor-collection-raffin-lot45-4266-18-archet-violon-pajeot-etienne-11-768x432.jpg 768w, https:\/\/vichy-encheres.com\/wp-content\/uploads\/2026\/04\/2026-05-04-quatuor-collection-raffin-lot45-4266-18-archet-violon-pajeot-etienne-11-1536x864.jpg 1536w, https:\/\/vichy-encheres.com\/wp-content\/uploads\/2026\/04\/2026-05-04-quatuor-collection-raffin-lot45-4266-18-archet-violon-pajeot-etienne-11-2048x1152.jpg 2048w, https:\/\/vichy-encheres.com\/wp-content\/uploads\/2026\/04\/2026-05-04-quatuor-collection-raffin-lot45-4266-18-archet-violon-pajeot-etienne-11-1568x882.jpg 1568w, https:\/\/vichy-encheres.com\/wp-content\/uploads\/2026\/04\/2026-05-04-quatuor-collection-raffin-lot45-4266-18-archet-violon-pajeot-etienne-11-100x56.jpg 100w\" sizes=\"auto, (max-width: 1024px) 100vw, 1024px\" \/><\/a><\/figure>\n<figcaption class=\"blocks-gallery-caption wp-element-caption\">Archet de violon de \u00c9tienne PAJEOT &#8211; Collection Jean-Fran\u00e7ois RAFFIN &#8211; Archet mis en vente par Vichy Ench\u00e8res le 4 juin 2026 &#8211; \u00a9 Vichy Ench\u00e8res\/ Photo C. Darbelet<\/figcaption><\/figure>\n\n\n\n<div style=\"height:100px\" aria-hidden=\"true\" class=\"wp-block-spacer\"><\/div>\n\n\n\n<h1 class=\"wp-block-heading\">Un ensemble d\u2019archets document\u00e9s<\/h1>\n\n\n\n<div style=\"height:100px\" aria-hidden=\"true\" class=\"wp-block-spacer\"><\/div>\n\n\n\n<div class=\"wp-block-columns are-vertically-aligned-center is-layout-flex wp-container-core-columns-is-layout-9d6595d7 wp-block-columns-is-layout-flex\">\n<div class=\"wp-block-column is-vertically-aligned-center is-layout-flow wp-block-column-is-layout-flow\">\n<figure class=\"wp-block-gallery has-nested-images columns-default is-cropped wp-block-gallery-18 is-layout-flex wp-block-gallery-is-layout-flex\">\n<figure class=\"wp-block-image size-large\"><a href=\"https:\/\/vichy-encheres.com\/wp-content\/uploads\/2023\/11\/24-millant-raffin-contribution-bernard-gaudfroy-loic-le-canu-l-archet-paris-2000.jpg\"><img loading=\"lazy\" decoding=\"async\" width=\"800\" height=\"800\" data-id=\"23126\" src=\"https:\/\/vichy-encheres.com\/wp-content\/uploads\/2023\/11\/24-millant-raffin-contribution-bernard-gaudfroy-loic-le-canu-l-archet-paris-2000.jpg\" alt=\"Bernard Millant, Jean-Fran\u00e7ois Raffin, avec la contribution de Bernard Gaudfroy et Lo\u00efc Le Canu, L'Archet, Paris, 2000, 4 vol.\" class=\"wp-image-23126\" srcset=\"https:\/\/vichy-encheres.com\/wp-content\/uploads\/2023\/11\/24-millant-raffin-contribution-bernard-gaudfroy-loic-le-canu-l-archet-paris-2000.jpg 800w, https:\/\/vichy-encheres.com\/wp-content\/uploads\/2023\/11\/24-millant-raffin-contribution-bernard-gaudfroy-loic-le-canu-l-archet-paris-2000-300x300.jpg 300w, https:\/\/vichy-encheres.com\/wp-content\/uploads\/2023\/11\/24-millant-raffin-contribution-bernard-gaudfroy-loic-le-canu-l-archet-paris-2000-150x150.jpg 150w, https:\/\/vichy-encheres.com\/wp-content\/uploads\/2023\/11\/24-millant-raffin-contribution-bernard-gaudfroy-loic-le-canu-l-archet-paris-2000-768x768.jpg 768w, https:\/\/vichy-encheres.com\/wp-content\/uploads\/2023\/11\/24-millant-raffin-contribution-bernard-gaudfroy-loic-le-canu-l-archet-paris-2000-100x100.jpg 100w\" sizes=\"auto, (max-width: 800px) 100vw, 800px\" \/><\/a><\/figure>\n<figcaption class=\"blocks-gallery-caption wp-element-caption\">Bernard Millant, Jean-Fran\u00e7ois Raffin, avec la contribution de Bernard Gaudfroy et Lo\u00efc Le Canu, L&#8217;Archet, Paris, 2000, 4 vol.<\/figcaption><\/figure>\n<\/div>\n\n\n\n<div class=\"wp-block-column is-vertically-aligned-center is-layout-flow wp-block-column-is-layout-flow\">\n<p>Plusieurs archets de la collection figurent dans les volumes de <em>L\u2019Archet<\/em>, ouvrage de r\u00e9f\u00e9rence auquel Jean-Fran\u00e7ois Raffin a directement contribu\u00e9. <\/p>\n\n\n\n<p>Leur pr\u00e9sence dans cette publication atteste de leur int\u00e9r\u00eat pour l\u2019\u00e9tude et de leur repr\u00e9sentativit\u00e9 au sein des diff\u00e9rentes \u00e9coles. Plusieurs instruments sont \u00e9galement reproduits dans d\u2019autres ouvrages sp\u00e9cialis\u00e9s, notamment <em>Les archetiers de la famille Bazin (1824-1987)<\/em> de Jean-Fran\u00e7ois Raffin, Yannick Le Canu et Sylvain Bigot, ou encore <em>L\u2019Archet r\u00e9volutionnaire (1700-1800)<\/em>, consacr\u00e9 aux d\u00e9buts de l\u2019archet moderne.<\/p>\n\n\n\n<p>Leur pr\u00e9sence dans ces ouvrages souligne leur int\u00e9r\u00eat historique et documentaire. Elle t\u00e9moigne du fait que ces archets ont \u00e9t\u00e9 retenus pour leurs qualit\u00e9s propres, mais aussi pour leur valeur de comparaison. Dans cette perspective, ces archets doivent \u00eatre per\u00e7us, non seulement comme des instruments, mais \u00e9galement comme des pi\u00e8ces de r\u00e9f\u00e9rence choisies et document\u00e9es.&nbsp;<\/p>\n<\/div>\n<\/div>\n\n\n\n<div style=\"height:100px\" aria-hidden=\"true\" class=\"wp-block-spacer\"><\/div>\n\n\n\n<blockquote class=\"wp-block-quote is-style-large is-layout-flow wp-block-quote-is-layout-flow\">\n<p>Cette s\u00e9lection forme ainsi un ensemble particuli\u00e8rement coh\u00e9rent, qui ne r\u00e9pond pas \u00e0 une logique d\u2019accumulation, mais \u00e0 une volont\u00e9 d\u2019\u00e9tude. Elle permet de saisir les caract\u00e9ristiques des grands mod\u00e8les fran\u00e7ais, d\u2019en comprendre les variations et les filiations, et est, \u00e0 ce titre, un outil de travail autant qu\u2019un ensemble historique. Cette collection \u00e9claire tr\u00e8s directement la pratique de l\u2019expertise telle que Jean-Fran\u00e7ois Raffin l\u2019a exerc\u00e9e et transmise. Sa mise en vente en propose aujourd\u2019hui un t\u00e9moignage rare, offrant une occasion peu commune d\u2019acqu\u00e9rir des mod\u00e8les de r\u00e9f\u00e9rence r\u00e9unis par l\u2019expert.<\/p>\n<\/blockquote>\n\n\n\n<div style=\"height:100px\" aria-hidden=\"true\" class=\"wp-block-spacer\"><\/div>\n\n\n\n<hr class=\"wp-block-separator has-css-opacity is-style-wide\"\/>\n\n\n\n<div style=\"height:100px\" aria-hidden=\"true\" class=\"wp-block-spacer\"><\/div>\n\n\n\n<h1 class=\"wp-block-heading\" id=\"english\">SPECIAL SALE: A SELECTION OF BOWS FROM THE JEAN-FRAN\u00c7OIS RAFFIN COLLECTION<\/h1>\n\n\n\n<blockquote class=\"wp-block-quote is-style-large is-layout-flow wp-block-quote-is-layout-flow\">\n<div style=\"height:100px\" aria-hidden=\"true\" class=\"wp-block-spacer\"><\/div>\n\n\n\n<p>Vichy Ench\u00e8res is delighted to present a selection of bows from the collection of Jean-Fran\u00e7ois Raffin, who served as an expert for the auction house from 1995 to 2023. Trained in Mirecourt and later in Paris, notably under Bernard Millant, with whom he studied for nearly twenty years, Jean-Fran\u00e7ois Raffin has established himself as one of the leading specialists in the appraisal of bows. He began his career as a luthier before turning his attention to bow-making and then to appraisal. Appointed as an expert by the Paris Court of Appeal in 1996, he contributed to the writing of <em>L\u2019Archet<\/em>, a reference work, and has drawn up, either alone or in collaboration with others, tens of thousands of certificates.<\/p>\n<\/blockquote>\n\n\n\n<div style=\"height:30px\" aria-hidden=\"true\" class=\"wp-block-spacer\"><\/div>\n\n\n\n<div class=\"wp-block-buttons is-horizontal is-content-justification-center is-layout-flex wp-container-core-buttons-is-layout-499968f5 wp-block-buttons-is-layout-flex\">\n<div class=\"wp-block-button is-style-outline is-style-outline--19\"><a class=\"wp-block-button__link wp-element-button\" href=\"https:\/\/vichy-encheres.com\/documents\/2026-06-04-quatuor-136-catalogue-english.pdf\" target=\"_blank\" rel=\"noreferrer noopener\">Catalog<\/a><\/div>\n\n\n\n<div class=\"wp-block-button is-style-outline is-style-outline--20\"><a class=\"wp-block-button__link wp-element-button\" href=\"https:\/\/vichy-encheres.com\/documents\/2026-06-04-quatuor-137-collection-raffin-catalogue-english.pdf\" target=\"_blank\" rel=\"noreferrer noopener\">Catalog of the Jean Fran\u00e7ois Raffin collection <\/a><\/div>\n\n\n\n<div class=\"wp-block-button is-style-outline is-style-outline--21\"><a class=\"wp-block-button__link wp-element-button\" href=\"https:\/\/www.interencheres.com\/art-decoration\/instruments-du-quatuor-679419\" target=\"_blank\" rel=\"noreferrer noopener\">Sale on 1 June 2026<\/a><\/div>\n\n\n\n<div class=\"wp-block-button is-style-outline is-style-outline--22\"><a class=\"wp-block-button__link wp-element-button\" href=\"https:\/\/www.interencheres.com\/art-decoration\/instruments-du-quatuor-679424\" target=\"_blank\" rel=\"noreferrer noopener\">Sale on 2 June 2026<\/a><\/div>\n\n\n\n<div class=\"wp-block-button is-style-outline is-style-outline--23\"><a class=\"wp-block-button__link wp-element-button\" href=\"https:\/\/www.interencheres.com\/art-decoration\/instruments-du-quatuor-679427\" target=\"_blank\" rel=\"noreferrer noopener\">Sale on 3 June 2026<\/a><\/div>\n\n\n\n<div class=\"wp-block-button is-style-outline is-style-outline--24\"><a class=\"wp-block-button__link wp-element-button\" href=\"https:\/\/www.interencheres.com\/art-decoration\/instruments-du-quatuor-679429\" target=\"_blank\" rel=\"noreferrer noopener\">Sale on 4 June 2026<\/a><\/div>\n\n\n\n<div class=\"wp-block-button is-style-outline is-style-outline--25\"><a class=\"wp-block-button__link wp-element-button\" href=\"https:\/\/vichy-encheres.com\/en\/contact\/\" target=\"_blank\" rel=\"noreferrer noopener\">Contact<\/a><\/div>\n\n\n\n<div class=\"wp-block-button is-style-outline is-style-outline--26\"><a class=\"wp-block-button__link wp-element-button\" href=\"https:\/\/vichy-encheres.com\/en\/vichy-encheres-3\/team\/\" target=\"_blank\" rel=\"noreferrer noopener\">Experts<\/a><\/div>\n\n\n\n<div class=\"wp-block-button is-style-outline is-style-outline--27\"><a class=\"wp-block-button__link wp-element-button\" href=\"#francais\">Version fran\u00e7aise<\/a><\/div>\n<\/div>\n\n\n\n<div style=\"height:100px\" aria-hidden=\"true\" class=\"wp-block-spacer\"><\/div>\n\n\n\n<hr class=\"wp-block-separator has-css-opacity is-style-dots\"\/>\n\n\n\n<div style=\"height:100px\" aria-hidden=\"true\" class=\"wp-block-spacer\"><\/div>\n\n\n\n<h6 class=\"wp-block-heading\"><em>Translation coming soon&#8230;<\/em><\/h6>\n\n\n\n<div style=\"height:100px\" aria-hidden=\"true\" class=\"wp-block-spacer\"><\/div>\n\n\n\n<div class=\"wp-block-group\"><div class=\"wp-block-group__inner-container is-layout-flow wp-block-group-is-layout-flow\">\n<h2 class=\"wp-block-heading\">\ud83d\ude80 <strong>Suivez-nous !<\/strong><\/h2>\n\n\n\n<ul class=\"wp-block-social-links aligncenter is-layout-flex wp-block-social-links-is-layout-flex\"><li class=\"wp-social-link wp-social-link-facebook  wp-block-social-link\"><a href=\"https:\/\/facebook.com\/vichyencheres\" class=\"wp-block-social-link-anchor\"><svg width=\"24\" height=\"24\" viewBox=\"0 0 24 24\" version=\"1.1\" xmlns=\"http:\/\/www.w3.org\/2000\/svg\" aria-hidden=\"true\" focusable=\"false\"><path d=\"M12 2C6.5 2 2 6.5 2 12c0 5 3.7 9.1 8.4 9.9v-7H7.9V12h2.5V9.8c0-2.5 1.5-3.9 3.8-3.9 1.1 0 2.2.2 2.2.2v2.5h-1.3c-1.2 0-1.6.8-1.6 1.6V12h2.8l-.4 2.9h-2.3v7C18.3 21.1 22 17 22 12c0-5.5-4.5-10-10-10z\"><\/path><\/svg><span class=\"wp-block-social-link-label screen-reader-text\">Facebook<\/span><\/a><\/li>\n\n<li class=\"wp-social-link wp-social-link-instagram  wp-block-social-link\"><a href=\"https:\/\/instagram.com\/vichyencheres\" class=\"wp-block-social-link-anchor\"><svg width=\"24\" height=\"24\" viewBox=\"0 0 24 24\" version=\"1.1\" xmlns=\"http:\/\/www.w3.org\/2000\/svg\" aria-hidden=\"true\" focusable=\"false\"><path d=\"M12,4.622c2.403,0,2.688,0.009,3.637,0.052c0.877,0.04,1.354,0.187,1.671,0.31c0.42,0.163,0.72,0.358,1.035,0.673 c0.315,0.315,0.51,0.615,0.673,1.035c0.123,0.317,0.27,0.794,0.31,1.671c0.043,0.949,0.052,1.234,0.052,3.637 s-0.009,2.688-0.052,3.637c-0.04,0.877-0.187,1.354-0.31,1.671c-0.163,0.42-0.358,0.72-0.673,1.035 c-0.315,0.315-0.615,0.51-1.035,0.673c-0.317,0.123-0.794,0.27-1.671,0.31c-0.949,0.043-1.233,0.052-3.637,0.052 s-2.688-0.009-3.637-0.052c-0.877-0.04-1.354-0.187-1.671-0.31c-0.42-0.163-0.72-0.358-1.035-0.673 c-0.315-0.315-0.51-0.615-0.673-1.035c-0.123-0.317-0.27-0.794-0.31-1.671C4.631,14.688,4.622,14.403,4.622,12 s0.009-2.688,0.052-3.637c0.04-0.877,0.187-1.354,0.31-1.671c0.163-0.42,0.358-0.72,0.673-1.035 c0.315-0.315,0.615-0.51,1.035-0.673c0.317-0.123,0.794-0.27,1.671-0.31C9.312,4.631,9.597,4.622,12,4.622 M12,3 C9.556,3,9.249,3.01,8.289,3.054C7.331,3.098,6.677,3.25,6.105,3.472C5.513,3.702,5.011,4.01,4.511,4.511 c-0.5,0.5-0.808,1.002-1.038,1.594C3.25,6.677,3.098,7.331,3.054,8.289C3.01,9.249,3,9.556,3,12c0,2.444,0.01,2.751,0.054,3.711 c0.044,0.958,0.196,1.612,0.418,2.185c0.23,0.592,0.538,1.094,1.038,1.594c0.5,0.5,1.002,0.808,1.594,1.038 c0.572,0.222,1.227,0.375,2.185,0.418C9.249,20.99,9.556,21,12,21s2.751-0.01,3.711-0.054c0.958-0.044,1.612-0.196,2.185-0.418 c0.592-0.23,1.094-0.538,1.594-1.038c0.5-0.5,0.808-1.002,1.038-1.594c0.222-0.572,0.375-1.227,0.418-2.185 C20.99,14.751,21,14.444,21,12s-0.01-2.751-0.054-3.711c-0.044-0.958-0.196-1.612-0.418-2.185c-0.23-0.592-0.538-1.094-1.038-1.594 c-0.5-0.5-1.002-0.808-1.594-1.038c-0.572-0.222-1.227-0.375-2.185-0.418C14.751,3.01,14.444,3,12,3L12,3z M12,7.378 c-2.552,0-4.622,2.069-4.622,4.622S9.448,16.622,12,16.622s4.622-2.069,4.622-4.622S14.552,7.378,12,7.378z M12,15 c-1.657,0-3-1.343-3-3s1.343-3,3-3s3,1.343,3,3S13.657,15,12,15z M16.804,6.116c-0.596,0-1.08,0.484-1.08,1.08 s0.484,1.08,1.08,1.08c0.596,0,1.08-0.484,1.08-1.08S17.401,6.116,16.804,6.116z\"><\/path><\/svg><span class=\"wp-block-social-link-label screen-reader-text\">Instagram<\/span><\/a><\/li>\n\n<li class=\"wp-social-link wp-social-link-youtube  wp-block-social-link\"><a href=\"https:\/\/youtube.com\/channel\/UCmret034wxa_aeZhCCRP1Tg\" class=\"wp-block-social-link-anchor\"><svg width=\"24\" height=\"24\" viewBox=\"0 0 24 24\" version=\"1.1\" xmlns=\"http:\/\/www.w3.org\/2000\/svg\" aria-hidden=\"true\" focusable=\"false\"><path d=\"M21.8,8.001c0,0-0.195-1.378-0.795-1.985c-0.76-0.797-1.613-0.801-2.004-0.847c-2.799-0.202-6.997-0.202-6.997-0.202 h-0.009c0,0-4.198,0-6.997,0.202C4.608,5.216,3.756,5.22,2.995,6.016C2.395,6.623,2.2,8.001,2.2,8.001S2,9.62,2,11.238v1.517 c0,1.618,0.2,3.237,0.2,3.237s0.195,1.378,0.795,1.985c0.761,0.797,1.76,0.771,2.205,0.855c1.6,0.153,6.8,0.201,6.8,0.201 s4.203-0.006,7.001-0.209c0.391-0.047,1.243-0.051,2.004-0.847c0.6-0.607,0.795-1.985,0.795-1.985s0.2-1.618,0.2-3.237v-1.517 C22,9.62,21.8,8.001,21.8,8.001z M9.935,14.594l-0.001-5.62l5.404,2.82L9.935,14.594z\"><\/path><\/svg><span class=\"wp-block-social-link-label screen-reader-text\">Youtube<\/span><\/a><\/li><\/ul>\n<\/div><\/div>\n\n\n<ul class=\"wp-block-latest-posts__list is-grid columns-3 wp-block-latest-posts\"><li><div class=\"wp-block-latest-posts__featured-image aligncenter\"><a href=\"https:\/\/vichy-encheres.com\/en\/2026\/04\/09\/collection-raffin\/\" aria-label=\"Vente \u00e9v\u00e9nement : une s\u00e9lection d\u2019archets de la collection Jean-Fran\u00e7ois Raffin\"><img loading=\"lazy\" decoding=\"async\" width=\"150\" height=\"150\" src=\"https:\/\/vichy-encheres.com\/wp-content\/uploads\/2026\/04\/2026-05-04-quatuor-collection-raffin-couv-16x9-1-150x150.jpg\" class=\"attachment-thumbnail size-thumbnail wp-post-image\" alt=\"Collection Jean-Fran\u00e7ois Raffin Mise en vente par Vichy Ench\u00e8res le 4 juin 2026\" style=\"\" sizes=\"auto, (max-width: 34.9rem) calc(100vw - 2rem), (max-width: 53rem) calc(8 * (100vw \/ 12)), (min-width: 53rem) calc(6 * (100vw \/ 12)), 100vw\" \/><\/a><\/div><a class=\"wp-block-latest-posts__post-title\" href=\"https:\/\/vichy-encheres.com\/en\/2026\/04\/09\/collection-raffin\/\">Vente \u00e9v\u00e9nement : une s\u00e9lection d\u2019archets de la collection Jean-Fran\u00e7ois Raffin<\/a><\/li>\n<li><div class=\"wp-block-latest-posts__featured-image aligncenter\"><a href=\"https:\/\/vichy-encheres.com\/en\/2026\/04\/07\/trompe-chasse-raoux\/\" aria-label=\"Une trompe de chasse en r\u00e9 de Raoux, estampill\u00e9e \u201cSeul ordinaire du Roi\u201d\"><img loading=\"lazy\" decoding=\"async\" width=\"150\" height=\"150\" src=\"https:\/\/vichy-encheres.com\/wp-content\/uploads\/2026\/04\/2026-05-02-vcp-lot353-3577-77-trompe-raoux-1-150x150.jpg\" class=\"attachment-thumbnail size-thumbnail wp-post-image\" alt=\"Trompe de chasse en R\u00e9 de RAOUX, d\u00e9but XIX\u00e8me Instrument mis en vente par Vichy Ench\u00e8res le 2 mai 2026 \u00a9 Vichy Ench\u00e8res\/ Photo C. Darbelet\" style=\"\" sizes=\"auto, (max-width: 34.9rem) calc(100vw - 2rem), (max-width: 53rem) calc(8 * (100vw \/ 12)), (min-width: 53rem) calc(6 * (100vw \/ 12)), 100vw\" \/><\/a><\/div><a class=\"wp-block-latest-posts__post-title\" href=\"https:\/\/vichy-encheres.com\/en\/2026\/04\/07\/trompe-chasse-raoux\/\">Une trompe de chasse en r\u00e9 de Raoux, estampill\u00e9e \u201cSeul ordinaire du Roi\u201d<\/a><\/li>\n<li><div class=\"wp-block-latest-posts__featured-image aligncenter\"><a href=\"https:\/\/vichy-encheres.com\/en\/2026\/03\/13\/epinette\/\" aria-label=\"L\u2019unique \u00e9pinette connue d\u2019Armand-Joseph Lion, facteur d\u2019orgues \u00e0 Mons\"><img loading=\"lazy\" decoding=\"async\" width=\"150\" height=\"150\" src=\"https:\/\/vichy-encheres.com\/wp-content\/uploads\/2026\/03\/06-2026-05-02-vcp-3879-1-epinette-lion-armand-joseph-1-150x150.jpg\" class=\"attachment-thumbnail size-thumbnail wp-post-image\" alt=\"\u00c9pinette en aile d\u2019oiseau d&#039;Armand-Joseph LION, 1786 Instrument mis en vente par Vichy Ench\u00e8res le 2 mai 2026 \u00a9 Vichy Ench\u00e8res\/ Photo C. Darbelet\" style=\"\" srcset=\"https:\/\/vichy-encheres.com\/wp-content\/uploads\/2026\/03\/06-2026-05-02-vcp-3879-1-epinette-lion-armand-joseph-1-150x150.jpg 150w, https:\/\/vichy-encheres.com\/wp-content\/uploads\/2026\/03\/06-2026-05-02-vcp-3879-1-epinette-lion-armand-joseph-1-300x300.jpg 300w, https:\/\/vichy-encheres.com\/wp-content\/uploads\/2026\/03\/06-2026-05-02-vcp-3879-1-epinette-lion-armand-joseph-1-1024x1024.jpg 1024w, https:\/\/vichy-encheres.com\/wp-content\/uploads\/2026\/03\/06-2026-05-02-vcp-3879-1-epinette-lion-armand-joseph-1-768x768.jpg 768w, https:\/\/vichy-encheres.com\/wp-content\/uploads\/2026\/03\/06-2026-05-02-vcp-3879-1-epinette-lion-armand-joseph-1-1536x1536.jpg 1536w, https:\/\/vichy-encheres.com\/wp-content\/uploads\/2026\/03\/06-2026-05-02-vcp-3879-1-epinette-lion-armand-joseph-1-1568x1568.jpg 1568w, https:\/\/vichy-encheres.com\/wp-content\/uploads\/2026\/03\/06-2026-05-02-vcp-3879-1-epinette-lion-armand-joseph-1-100x100.jpg 100w, https:\/\/vichy-encheres.com\/wp-content\/uploads\/2026\/03\/06-2026-05-02-vcp-3879-1-epinette-lion-armand-joseph-1.jpg 2000w\" sizes=\"auto, (max-width: 34.9rem) calc(100vw - 2rem), (max-width: 53rem) calc(8 * (100vw \/ 12)), (min-width: 53rem) calc(6 * (100vw \/ 12)), 100vw\" \/><\/a><\/div><a class=\"wp-block-latest-posts__post-title\" href=\"https:\/\/vichy-encheres.com\/en\/2026\/03\/13\/epinette\/\">L\u2019unique \u00e9pinette connue d\u2019Armand-Joseph Lion, facteur d\u2019orgues \u00e0 Mons<\/a><\/li>\n<\/ul>\n\n\n<div style=\"height:100px\" aria-hidden=\"true\" class=\"wp-block-spacer\"><\/div>\n\n\n\n<p><\/p>\n","protected":false},"excerpt":{"rendered":"<p>Vichy Ench\u00e8res est heureuse de vous pr\u00e9senter une s\u00e9lection d\u2019archets de la collection de Jean-Fran\u00e7ois Raffin, expert aupr\u00e8s de ses ventes de 1995 \u00e0 2023.<\/p>\n","protected":false},"author":2,"featured_media":32613,"comment_status":"closed","ping_status":"open","sticky":false,"template":"","format":"standard","meta":{"_acf_changed":false,"footnotes":""},"categories":[1],"tags":[],"class_list":["post-32478","post","type-post","status-publish","format-standard","has-post-thumbnail","hentry","category-non-classifiee","entry"],"acf":[],"yoast_head":"<!-- This site is optimized with the Yoast SEO plugin v27.5 - https:\/\/yoast.com\/product\/yoast-seo-wordpress\/ -->\n<title>Vente \u00e9v\u00e9nement : une s\u00e9lection d\u2019archets de la collection Jean-Fran\u00e7ois Raffin - Vichy Ench\u00e8res<\/title>\n<meta name=\"robots\" content=\"index, follow, max-snippet:-1, max-image-preview:large, max-video-preview:-1\" \/>\n<link rel=\"canonical\" href=\"https:\/\/vichy-encheres.com\/2026\/04\/09\/collection-raffin\/\" \/>\n<meta property=\"og:locale\" content=\"en_US\" \/>\n<meta property=\"og:type\" content=\"article\" \/>\n<meta property=\"og:title\" content=\"Vente \u00e9v\u00e9nement : une s\u00e9lection d\u2019archets de la collection Jean-Fran\u00e7ois Raffin - Vichy Ench\u00e8res\" \/>\n<meta property=\"og:description\" content=\"Vichy Ench\u00e8res est heureuse de vous pr\u00e9senter une s\u00e9lection d\u2019archets de la collection de Jean-Fran\u00e7ois Raffin, expert aupr\u00e8s de ses ventes de 1995 \u00e0 2023.\" \/>\n<meta property=\"og:url\" content=\"https:\/\/vichy-encheres.com\/2026\/04\/09\/collection-raffin\/\" \/>\n<meta property=\"og:site_name\" content=\"Vichy Ench\u00e8res\" \/>\n<meta property=\"article:publisher\" content=\"https:\/\/www.facebook.com\/vichyencheres\" \/>\n<meta property=\"article:published_time\" content=\"2026-04-09T12:16:11+00:00\" \/>\n<meta property=\"article:modified_time\" content=\"2026-04-29T09:06:40+00:00\" \/>\n<meta property=\"og:image\" content=\"https:\/\/vichy-encheres.com\/wp-content\/uploads\/2026\/04\/2026-05-04-quatuor-collection-raffin-couv-16x9-1-scaled.jpg\" \/>\n\t<meta property=\"og:image:width\" content=\"2560\" \/>\n\t<meta property=\"og:image:height\" content=\"1440\" \/>\n\t<meta property=\"og:image:type\" content=\"image\/jpeg\" \/>\n<meta name=\"author\" content=\"Vichy Ench\u00e8res\" \/>\n<meta name=\"twitter:card\" content=\"summary_large_image\" \/>\n<meta name=\"twitter:label1\" content=\"Written by\" \/>\n\t<meta name=\"twitter:data1\" content=\"Vichy Ench\u00e8res\" \/>\n\t<meta name=\"twitter:label2\" content=\"Est. reading time\" \/>\n\t<meta name=\"twitter:data2\" content=\"20 minutes\" \/>\n<script type=\"application\/ld+json\" class=\"yoast-schema-graph\">{\"@context\":\"https:\\\/\\\/schema.org\",\"@graph\":[{\"@type\":\"Article\",\"@id\":\"https:\\\/\\\/vichy-encheres.com\\\/2026\\\/04\\\/09\\\/collection-raffin\\\/#article\",\"isPartOf\":{\"@id\":\"https:\\\/\\\/vichy-encheres.com\\\/2026\\\/04\\\/09\\\/collection-raffin\\\/\"},\"author\":{\"name\":\"Vichy Ench\u00e8res\",\"@id\":\"https:\\\/\\\/vichy-encheres.com\\\/#\\\/schema\\\/person\\\/76259cb5a84dec51c1c2d5cc3eef0563\"},\"headline\":\"Vente \u00e9v\u00e9nement : une s\u00e9lection d\u2019archets de la collection Jean-Fran\u00e7ois Raffin\",\"datePublished\":\"2026-04-09T12:16:11+00:00\",\"dateModified\":\"2026-04-29T09:06:40+00:00\",\"mainEntityOfPage\":{\"@id\":\"https:\\\/\\\/vichy-encheres.com\\\/2026\\\/04\\\/09\\\/collection-raffin\\\/\"},\"wordCount\":1368,\"publisher\":{\"@id\":\"https:\\\/\\\/vichy-encheres.com\\\/#organization\"},\"image\":{\"@id\":\"https:\\\/\\\/vichy-encheres.com\\\/2026\\\/04\\\/09\\\/collection-raffin\\\/#primaryimage\"},\"thumbnailUrl\":\"https:\\\/\\\/vichy-encheres.com\\\/wp-content\\\/uploads\\\/2026\\\/04\\\/2026-05-04-quatuor-collection-raffin-couv-16x9-1-scaled.jpg\",\"articleSection\":[\"Non classifi\u00e9(e)\"],\"inLanguage\":\"en-US\"},{\"@type\":\"WebPage\",\"@id\":\"https:\\\/\\\/vichy-encheres.com\\\/2026\\\/04\\\/09\\\/collection-raffin\\\/\",\"url\":\"https:\\\/\\\/vichy-encheres.com\\\/2026\\\/04\\\/09\\\/collection-raffin\\\/\",\"name\":\"Vente \u00e9v\u00e9nement : une s\u00e9lection d\u2019archets de la collection Jean-Fran\u00e7ois Raffin - Vichy Ench\u00e8res\",\"isPartOf\":{\"@id\":\"https:\\\/\\\/vichy-encheres.com\\\/#website\"},\"primaryImageOfPage\":{\"@id\":\"https:\\\/\\\/vichy-encheres.com\\\/2026\\\/04\\\/09\\\/collection-raffin\\\/#primaryimage\"},\"image\":{\"@id\":\"https:\\\/\\\/vichy-encheres.com\\\/2026\\\/04\\\/09\\\/collection-raffin\\\/#primaryimage\"},\"thumbnailUrl\":\"https:\\\/\\\/vichy-encheres.com\\\/wp-content\\\/uploads\\\/2026\\\/04\\\/2026-05-04-quatuor-collection-raffin-couv-16x9-1-scaled.jpg\",\"datePublished\":\"2026-04-09T12:16:11+00:00\",\"dateModified\":\"2026-04-29T09:06:40+00:00\",\"breadcrumb\":{\"@id\":\"https:\\\/\\\/vichy-encheres.com\\\/2026\\\/04\\\/09\\\/collection-raffin\\\/#breadcrumb\"},\"inLanguage\":\"en-US\",\"potentialAction\":[{\"@type\":\"ReadAction\",\"target\":[\"https:\\\/\\\/vichy-encheres.com\\\/2026\\\/04\\\/09\\\/collection-raffin\\\/\"]}]},{\"@type\":\"ImageObject\",\"inLanguage\":\"en-US\",\"@id\":\"https:\\\/\\\/vichy-encheres.com\\\/2026\\\/04\\\/09\\\/collection-raffin\\\/#primaryimage\",\"url\":\"https:\\\/\\\/vichy-encheres.com\\\/wp-content\\\/uploads\\\/2026\\\/04\\\/2026-05-04-quatuor-collection-raffin-couv-16x9-1-scaled.jpg\",\"contentUrl\":\"https:\\\/\\\/vichy-encheres.com\\\/wp-content\\\/uploads\\\/2026\\\/04\\\/2026-05-04-quatuor-collection-raffin-couv-16x9-1-scaled.jpg\",\"width\":2560,\"height\":1440,\"caption\":\"Collection Jean-Fran\u00e7ois Raffin Mise en vente par Vichy Ench\u00e8res le 4 juin 2026\"},{\"@type\":\"BreadcrumbList\",\"@id\":\"https:\\\/\\\/vichy-encheres.com\\\/2026\\\/04\\\/09\\\/collection-raffin\\\/#breadcrumb\",\"itemListElement\":[{\"@type\":\"ListItem\",\"position\":1,\"name\":\"Accueil\",\"item\":\"https:\\\/\\\/vichy-encheres.com\\\/en\\\/\"},{\"@type\":\"ListItem\",\"position\":2,\"name\":\"Vente \u00e9v\u00e9nement : une s\u00e9lection d\u2019archets de la collection Jean-Fran\u00e7ois Raffin\"}]},{\"@type\":\"WebSite\",\"@id\":\"https:\\\/\\\/vichy-encheres.com\\\/#website\",\"url\":\"https:\\\/\\\/vichy-encheres.com\\\/\",\"name\":\"Vichy Ench\u00e8res\",\"description\":\"La maison de ventes fran\u00e7aise sp\u00e9cialis\u00e9e dans les instruments de musique depuis 1983\",\"publisher\":{\"@id\":\"https:\\\/\\\/vichy-encheres.com\\\/#organization\"},\"potentialAction\":[{\"@type\":\"SearchAction\",\"target\":{\"@type\":\"EntryPoint\",\"urlTemplate\":\"https:\\\/\\\/vichy-encheres.com\\\/?s={search_term_string}\"},\"query-input\":{\"@type\":\"PropertyValueSpecification\",\"valueRequired\":true,\"valueName\":\"search_term_string\"}}],\"inLanguage\":\"en-US\"},{\"@type\":\"Organization\",\"@id\":\"https:\\\/\\\/vichy-encheres.com\\\/#organization\",\"name\":\"Vichy Ench\u00e8res\",\"url\":\"https:\\\/\\\/vichy-encheres.com\\\/\",\"logo\":{\"@type\":\"ImageObject\",\"inLanguage\":\"en-US\",\"@id\":\"https:\\\/\\\/vichy-encheres.com\\\/#\\\/schema\\\/logo\\\/image\\\/\",\"url\":\"https:\\\/\\\/vichy-encheres.com\\\/wp-content\\\/uploads\\\/2020\\\/07\\\/homepage_logo.gif\",\"contentUrl\":\"https:\\\/\\\/vichy-encheres.com\\\/wp-content\\\/uploads\\\/2020\\\/07\\\/homepage_logo.gif\",\"width\":2000,\"height\":1500,\"caption\":\"Vichy Ench\u00e8res\"},\"image\":{\"@id\":\"https:\\\/\\\/vichy-encheres.com\\\/#\\\/schema\\\/logo\\\/image\\\/\"},\"sameAs\":[\"https:\\\/\\\/www.facebook.com\\\/vichyencheres\",\"https:\\\/\\\/www.instagram.com\\\/vichyencheres\",\"https:\\\/\\\/www.pinterest.fr\\\/vichyencheres\"]},{\"@type\":\"Person\",\"@id\":\"https:\\\/\\\/vichy-encheres.com\\\/#\\\/schema\\\/person\\\/76259cb5a84dec51c1c2d5cc3eef0563\",\"name\":\"Vichy Ench\u00e8res\",\"image\":{\"@type\":\"ImageObject\",\"inLanguage\":\"en-US\",\"@id\":\"https:\\\/\\\/secure.gravatar.com\\\/avatar\\\/066c93c24de5d5efeb2514336fc3fb34dcbc3b5c2072da0039d9abd06643951e?s=96&d=mm&r=g\",\"url\":\"https:\\\/\\\/secure.gravatar.com\\\/avatar\\\/066c93c24de5d5efeb2514336fc3fb34dcbc3b5c2072da0039d9abd06643951e?s=96&d=mm&r=g\",\"contentUrl\":\"https:\\\/\\\/secure.gravatar.com\\\/avatar\\\/066c93c24de5d5efeb2514336fc3fb34dcbc3b5c2072da0039d9abd06643951e?s=96&d=mm&r=g\",\"caption\":\"Vichy Ench\u00e8res\"},\"url\":\"https:\\\/\\\/vichy-encheres.com\\\/en\\\/author\\\/vichyencheres\\\/\"}]}<\/script>\n<!-- \/ Yoast SEO plugin. -->","yoast_head_json":{"title":"Vente \u00e9v\u00e9nement : une s\u00e9lection d\u2019archets de la collection Jean-Fran\u00e7ois Raffin - Vichy Ench\u00e8res","robots":{"index":"index","follow":"follow","max-snippet":"max-snippet:-1","max-image-preview":"max-image-preview:large","max-video-preview":"max-video-preview:-1"},"canonical":"https:\/\/vichy-encheres.com\/2026\/04\/09\/collection-raffin\/","og_locale":"en_US","og_type":"article","og_title":"Vente \u00e9v\u00e9nement : une s\u00e9lection d\u2019archets de la collection Jean-Fran\u00e7ois Raffin - Vichy Ench\u00e8res","og_description":"Vichy Ench\u00e8res est heureuse de vous pr\u00e9senter une s\u00e9lection d\u2019archets de la collection de Jean-Fran\u00e7ois Raffin, expert aupr\u00e8s de ses ventes de 1995 \u00e0 2023.","og_url":"https:\/\/vichy-encheres.com\/2026\/04\/09\/collection-raffin\/","og_site_name":"Vichy Ench\u00e8res","article_publisher":"https:\/\/www.facebook.com\/vichyencheres","article_published_time":"2026-04-09T12:16:11+00:00","article_modified_time":"2026-04-29T09:06:40+00:00","og_image":[{"width":2560,"height":1440,"url":"https:\/\/vichy-encheres.com\/wp-content\/uploads\/2026\/04\/2026-05-04-quatuor-collection-raffin-couv-16x9-1-scaled.jpg","type":"image\/jpeg"}],"author":"Vichy Ench\u00e8res","twitter_card":"summary_large_image","twitter_misc":{"Written by":"Vichy Ench\u00e8res","Est. reading time":"20 minutes"},"schema":{"@context":"https:\/\/schema.org","@graph":[{"@type":"Article","@id":"https:\/\/vichy-encheres.com\/2026\/04\/09\/collection-raffin\/#article","isPartOf":{"@id":"https:\/\/vichy-encheres.com\/2026\/04\/09\/collection-raffin\/"},"author":{"name":"Vichy Ench\u00e8res","@id":"https:\/\/vichy-encheres.com\/#\/schema\/person\/76259cb5a84dec51c1c2d5cc3eef0563"},"headline":"Vente \u00e9v\u00e9nement : une s\u00e9lection d\u2019archets de la collection Jean-Fran\u00e7ois Raffin","datePublished":"2026-04-09T12:16:11+00:00","dateModified":"2026-04-29T09:06:40+00:00","mainEntityOfPage":{"@id":"https:\/\/vichy-encheres.com\/2026\/04\/09\/collection-raffin\/"},"wordCount":1368,"publisher":{"@id":"https:\/\/vichy-encheres.com\/#organization"},"image":{"@id":"https:\/\/vichy-encheres.com\/2026\/04\/09\/collection-raffin\/#primaryimage"},"thumbnailUrl":"https:\/\/vichy-encheres.com\/wp-content\/uploads\/2026\/04\/2026-05-04-quatuor-collection-raffin-couv-16x9-1-scaled.jpg","articleSection":["Non classifi\u00e9(e)"],"inLanguage":"en-US"},{"@type":"WebPage","@id":"https:\/\/vichy-encheres.com\/2026\/04\/09\/collection-raffin\/","url":"https:\/\/vichy-encheres.com\/2026\/04\/09\/collection-raffin\/","name":"Vente \u00e9v\u00e9nement : une s\u00e9lection d\u2019archets de la collection Jean-Fran\u00e7ois Raffin - Vichy Ench\u00e8res","isPartOf":{"@id":"https:\/\/vichy-encheres.com\/#website"},"primaryImageOfPage":{"@id":"https:\/\/vichy-encheres.com\/2026\/04\/09\/collection-raffin\/#primaryimage"},"image":{"@id":"https:\/\/vichy-encheres.com\/2026\/04\/09\/collection-raffin\/#primaryimage"},"thumbnailUrl":"https:\/\/vichy-encheres.com\/wp-content\/uploads\/2026\/04\/2026-05-04-quatuor-collection-raffin-couv-16x9-1-scaled.jpg","datePublished":"2026-04-09T12:16:11+00:00","dateModified":"2026-04-29T09:06:40+00:00","breadcrumb":{"@id":"https:\/\/vichy-encheres.com\/2026\/04\/09\/collection-raffin\/#breadcrumb"},"inLanguage":"en-US","potentialAction":[{"@type":"ReadAction","target":["https:\/\/vichy-encheres.com\/2026\/04\/09\/collection-raffin\/"]}]},{"@type":"ImageObject","inLanguage":"en-US","@id":"https:\/\/vichy-encheres.com\/2026\/04\/09\/collection-raffin\/#primaryimage","url":"https:\/\/vichy-encheres.com\/wp-content\/uploads\/2026\/04\/2026-05-04-quatuor-collection-raffin-couv-16x9-1-scaled.jpg","contentUrl":"https:\/\/vichy-encheres.com\/wp-content\/uploads\/2026\/04\/2026-05-04-quatuor-collection-raffin-couv-16x9-1-scaled.jpg","width":2560,"height":1440,"caption":"Collection Jean-Fran\u00e7ois Raffin Mise en vente par Vichy Ench\u00e8res le 4 juin 2026"},{"@type":"BreadcrumbList","@id":"https:\/\/vichy-encheres.com\/2026\/04\/09\/collection-raffin\/#breadcrumb","itemListElement":[{"@type":"ListItem","position":1,"name":"Accueil","item":"https:\/\/vichy-encheres.com\/en\/"},{"@type":"ListItem","position":2,"name":"Vente \u00e9v\u00e9nement : une s\u00e9lection d\u2019archets de la collection Jean-Fran\u00e7ois Raffin"}]},{"@type":"WebSite","@id":"https:\/\/vichy-encheres.com\/#website","url":"https:\/\/vichy-encheres.com\/","name":"Vichy Ench\u00e8res","description":"La maison de ventes fran\u00e7aise sp\u00e9cialis\u00e9e dans les instruments de musique depuis 1983","publisher":{"@id":"https:\/\/vichy-encheres.com\/#organization"},"potentialAction":[{"@type":"SearchAction","target":{"@type":"EntryPoint","urlTemplate":"https:\/\/vichy-encheres.com\/?s={search_term_string}"},"query-input":{"@type":"PropertyValueSpecification","valueRequired":true,"valueName":"search_term_string"}}],"inLanguage":"en-US"},{"@type":"Organization","@id":"https:\/\/vichy-encheres.com\/#organization","name":"Vichy Ench\u00e8res","url":"https:\/\/vichy-encheres.com\/","logo":{"@type":"ImageObject","inLanguage":"en-US","@id":"https:\/\/vichy-encheres.com\/#\/schema\/logo\/image\/","url":"https:\/\/vichy-encheres.com\/wp-content\/uploads\/2020\/07\/homepage_logo.gif","contentUrl":"https:\/\/vichy-encheres.com\/wp-content\/uploads\/2020\/07\/homepage_logo.gif","width":2000,"height":1500,"caption":"Vichy Ench\u00e8res"},"image":{"@id":"https:\/\/vichy-encheres.com\/#\/schema\/logo\/image\/"},"sameAs":["https:\/\/www.facebook.com\/vichyencheres","https:\/\/www.instagram.com\/vichyencheres","https:\/\/www.pinterest.fr\/vichyencheres"]},{"@type":"Person","@id":"https:\/\/vichy-encheres.com\/#\/schema\/person\/76259cb5a84dec51c1c2d5cc3eef0563","name":"Vichy Ench\u00e8res","image":{"@type":"ImageObject","inLanguage":"en-US","@id":"https:\/\/secure.gravatar.com\/avatar\/066c93c24de5d5efeb2514336fc3fb34dcbc3b5c2072da0039d9abd06643951e?s=96&d=mm&r=g","url":"https:\/\/secure.gravatar.com\/avatar\/066c93c24de5d5efeb2514336fc3fb34dcbc3b5c2072da0039d9abd06643951e?s=96&d=mm&r=g","contentUrl":"https:\/\/secure.gravatar.com\/avatar\/066c93c24de5d5efeb2514336fc3fb34dcbc3b5c2072da0039d9abd06643951e?s=96&d=mm&r=g","caption":"Vichy Ench\u00e8res"},"url":"https:\/\/vichy-encheres.com\/en\/author\/vichyencheres\/"}]}},"_links":{"self":[{"href":"https:\/\/vichy-encheres.com\/en\/wp-json\/wp\/v2\/posts\/32478","targetHints":{"allow":["GET"]}}],"collection":[{"href":"https:\/\/vichy-encheres.com\/en\/wp-json\/wp\/v2\/posts"}],"about":[{"href":"https:\/\/vichy-encheres.com\/en\/wp-json\/wp\/v2\/types\/post"}],"author":[{"embeddable":true,"href":"https:\/\/vichy-encheres.com\/en\/wp-json\/wp\/v2\/users\/2"}],"replies":[{"embeddable":true,"href":"https:\/\/vichy-encheres.com\/en\/wp-json\/wp\/v2\/comments?post=32478"}],"version-history":[{"count":18,"href":"https:\/\/vichy-encheres.com\/en\/wp-json\/wp\/v2\/posts\/32478\/revisions"}],"predecessor-version":[{"id":32627,"href":"https:\/\/vichy-encheres.com\/en\/wp-json\/wp\/v2\/posts\/32478\/revisions\/32627"}],"wp:featuredmedia":[{"embeddable":true,"href":"https:\/\/vichy-encheres.com\/en\/wp-json\/wp\/v2\/media\/32613"}],"wp:attachment":[{"href":"https:\/\/vichy-encheres.com\/en\/wp-json\/wp\/v2\/media?parent=32478"}],"wp:term":[{"taxonomy":"category","embeddable":true,"href":"https:\/\/vichy-encheres.com\/en\/wp-json\/wp\/v2\/categories?post=32478"},{"taxonomy":"post_tag","embeddable":true,"href":"https:\/\/vichy-encheres.com\/en\/wp-json\/wp\/v2\/tags?post=32478"}],"curies":[{"name":"wp","href":"https:\/\/api.w.org\/{rel}","templated":true}]}}